{"id":8737,"date":"2026-08-28T11:14:30","date_gmt":"2026-08-28T17:14:30","guid":{"rendered":"https:\/\/upcv.gob.gt\/inicio\/?p=8737"},"modified":"2026-09-01T11:14:52","modified_gmt":"2026-09-01T17:14:52","slug":"llama-de-la-prevencion-promueve-fiestas-patrias-seguras-y-libres-de-violencia","status":"publish","type":"post","link":"https:\/\/upcv.gob.gt\/inicio\/2026\/08\/28\/llama-de-la-prevencion-promueve-fiestas-patrias-seguras-y-libres-de-violencia\/","title":{"rendered":"\u201cLlama de la Prevenci\u00f3n\u201d promueve Fiestas Patrias seguras y libres de violencia\u201d"},"content":{"rendered":"\n<p class=\"wp-block-paragraph\">El Ministerio de Gobernaci\u00f3n, por medio del Tercer Viceministerio de Prevenci\u00f3n de la Violencia y el Delito, present\u00f3 la campa\u00f1a \u201cLlama de la Prevenci\u00f3n\u201d, una iniciativa que busca fortalecer las acciones preventivas durante las celebraciones de Independencia y contribuir a que los tradicionales recorridos de antorchas se desarrollen de manera segura, responsable y pac\u00edfica.<\/p>\n\n\n\n<p class=\"wp-block-paragraph\">En la actividad participaron la viceministra de Prevenci\u00f3n, Mayda de Le\u00f3n; el viceministro Administrativo, Kelvin Aguilar; la viceministra de Tecnolog\u00eda, Karen Ortiz; el subdirector de Prevenci\u00f3n de la Subdirecci\u00f3n General de Prevenci\u00f3n del Delito (SGPD), Pablo Rodr\u00edguez; y el Coordinador General en Funciones de la Unidad para la Prevenci\u00f3n Comunitaria de la Violencia (UPCV), Alberto Luj\u00e1n Villagr\u00e1n.<\/p>\n\n\n\n<p class=\"wp-block-paragraph\">Bajo el lema \u201c#YoSoyPrevenci\u00f3n: Me sumo a la soluci\u00f3n\u201d, la iniciativa hace un llamado a estudiantes, docentes, padres de familia, conductores y ciudadan\u00eda en general a asumir un papel activo en la prevenci\u00f3n de la violencia y contribuir a que las Fiestas Patrias sean espacios de convivencia, civismo e identidad nacional.<\/p>\n\n\n\n<meta charset=\"UTF-8\">\n<title>Galer\u00eda Moderna<\/title>\n\n<style>\nbody {\n    margin: 0;\n    font-family: Arial, sans-serif;\n    background: #fff;\n}\n\n.gallery-container {\n    max-width: 1200px;\n    margin: auto;\n    padding: 20px;\n}\n\n\/* \ud83d\udd25 CONTENEDOR SIN ALTURA FIJA *\/\n.main-image {\n    width: 100%;\n    border-radius: 15px;\n    overflow: hidden;\n    box-shadow: 0 10px 30px rgba(0,0,0,0.2);\n    background: #000;\n}\n\n\/* \ud83d\udd25 IMAGEN SIN FORZAR TAMA\u00d1O *\/\n.main-image img {\n    width: 100%;\n    height: auto; \/* CLAVE *\/\n    display: block;\n}\n\n\/* Miniaturas *\/\n.thumbnails {\n    display: flex;\n    gap: 10px;\n    margin-top: 15px;\n    overflow-x: auto;\n}\n\n.thumbnails img {\n    width: 120px;\n    height: 80px;\n    object-fit: cover;\n    border-radius: 10px;\n    cursor: pointer;\n    opacity: 0.6;\n    transition: 0.3s;\n    border: 2px solid transparent;\n    flex-shrink: 0;\n}\n\n.thumbnails img:hover,\n.thumbnails img.active {\n    opacity: 1;\n    transform: scale(1.05);\n    border: 2px solid #000;\n}\n\n\/* Responsive *\/\n@media (max-width: 768px) {\n    .thumbnails img {\n        width: 90px;\n        height: 60px;\n    }\n}\n<\/style>\n\n\n\n\n<div class=\"gallery-container\">\n\n<div class=\"main-image\"><img decoding=\"async\" id=\"mainImg\" src=\"https:\/\/upcv.gob.gt\/inicio\/wp-content\/uploads\/2026\/09\/2-21.jpg\"><\/div>\n\n<div class=\"thumbnails\">\n<img decoding=\"async\" class=\"active\" src=\"https:\/\/upcv.gob.gt\/inicio\/wp-content\/uploads\/2026\/09\/3-21.jpg\" onclick=\"changeImage(this)\">\n<img decoding=\"async\" src=\"https:\/\/upcv.gob.gt\/inicio\/wp-content\/uploads\/2026\/09\/4-18.jpg\" onclick=\"changeImage(this)\">\n<img decoding=\"async\" src=\"https:\/\/upcv.gob.gt\/inicio\/wp-content\/uploads\/2026\/09\/5-14.jpg\" onclick=\"changeImage(this)\">\n<img decoding=\"async\" src=\"https:\/\/upcv.gob.gt\/inicio\/wp-content\/uploads\/2026\/09\/6-11.jpg\" onclick=\"changeImage(this)\">\n       \n\n    <\/div>\n\n<\/div>\n\n<script>\nfunction changeImage(element) {\n    const mainImg = document.getElementById(\"mainImg\");\n\n    mainImg.style.opacity = 0;\n\n    setTimeout(() => {\n        mainImg.src = element.src;\n        mainImg.style.opacity = 1;\n    }, 150);\n\n    document.querySelectorAll(\".thumbnails img\")\n        .forEach(img => img.classList.remove(\"active\"));\n\n    element.classList.add(\"active\");\n}\n<\/script>\n\n\n\n<p class=\"wp-block-paragraph\">La campa\u00f1a es impulsada por la Unidad para la Prevenci\u00f3n Comunitaria de la Violencia (UPCV) y la Subdirecci\u00f3n General de Prevenci\u00f3n del Delito (SGPD), mediante acciones de sensibilizaci\u00f3n dirigidas a quienes participan y acompa\u00f1an los recorridos de antorchas en distintos puntos del territorio nacional.<\/p>\n\n\n\n<p class=\"wp-block-paragraph\">Cada a\u00f1o, los recorridos de antorchas re\u00fanen a estudiantes, familias, corredores, conductores y comunidades que participan en esta tradici\u00f3n como parte de las celebraciones de Independencia. Ante esta concentraci\u00f3n de personas, \u201cLlama de la Prevenci\u00f3n\u201d destaca la importancia de adoptar conductas responsables que permitan disfrutar de estas actividades sin poner en riesgo la integridad f\u00edsica de los participantes.<\/p>\n\n\n\n<p class=\"wp-block-paragraph\">Entre las conductas que la campa\u00f1a busca prevenir se encuentran las agresiones entre estudiantes, el lanzamiento de bolsas con agua o hielo a corredores y veh\u00edculos, las ri\u00f1as, los actos de vandalismo y otras acciones que puedan ocasionar accidentes, lesiones o hechos de violencia.<\/p>\n\n\n\n<p class=\"wp-block-paragraph\">El llamado a la ciudadan\u00eda es a actuar con respeto, tolerancia y responsabilidad, especialmente en los espacios donde se concentra una gran cantidad de personas. Asimismo, se insta a respetar a los participantes, cuidar los espacios p\u00fablicos, atender las recomendaciones de las autoridades y reportar oportunamente cualquier situaci\u00f3n que pueda representar un riesgo.<\/p>\n\n\n\n<meta charset=\"UTF-8\">\n<title>Galer\u00eda Moderna<\/title>\n\n<style>\nbody {\n    margin: 0;\n    font-family: Arial, sans-serif;\n    background: #fff;\n}\n\n.gallery-container {\n    max-width: 1200px;\n    margin: auto;\n    padding: 20px;\n}\n\n\/* \ud83d\udd25 CONTENEDOR SIN ALTURA FIJA *\/\n.main-image {\n    width: 100%;\n    border-radius: 15px;\n    overflow: hidden;\n    box-shadow: 0 10px 30px rgba(0,0,0,0.2);\n    background: #000;\n}\n\n\/* \ud83d\udd25 IMAGEN SIN FORZAR TAMA\u00d1O *\/\n.main-image img {\n    width: 100%;\n    height: auto; \/* CLAVE *\/\n    display: block;\n}\n\n\/* Miniaturas *\/\n.thumbnails {\n    display: flex;\n    gap: 10px;\n    margin-top: 15px;\n    overflow-x: auto;\n}\n\n.thumbnails img {\n    width: 120px;\n    height: 80px;\n    object-fit: cover;\n    border-radius: 10px;\n    cursor: pointer;\n    opacity: 0.6;\n    transition: 0.3s;\n    border: 2px solid transparent;\n    flex-shrink: 0;\n}\n\n.thumbnails img:hover,\n.thumbnails img.active {\n    opacity: 1;\n    transform: scale(1.05);\n    border: 2px solid #000;\n}\n\n\/* Responsive *\/\n@media (max-width: 768px) {\n    .thumbnails img {\n        width: 90px;\n        height: 60px;\n    }\n}\n<\/style>\n\n\n\n\n<div class=\"gallery-container\">\n\n<div class=\"main-image\"><img decoding=\"async\" id=\"mainImg\" src=\"https:\/\/upcv.gob.gt\/inicio\/wp-content\/uploads\/2026\/09\/7-8.jpg\"><\/div>\n\n<div class=\"thumbnails\">\n<img decoding=\"async\" class=\"active\" src=\"https:\/\/upcv.gob.gt\/inicio\/wp-content\/uploads\/2026\/09\/8-6.jpg\" onclick=\"changeImage(this)\">\n<img decoding=\"async\" src=\"https:\/\/upcv.gob.gt\/inicio\/wp-content\/uploads\/2026\/09\/9-3.jpg\" onclick=\"changeImage(this)\">\n<img decoding=\"async\" src=\"https:\/\/upcv.gob.gt\/inicio\/wp-content\/uploads\/2026\/09\/10-3.jpg\" onclick=\"changeImage(this)\">\n<img decoding=\"async\" src=\"https:\/\/upcv.gob.gt\/inicio\/wp-content\/uploads\/2026\/09\/11-1.jpg\" onclick=\"changeImage(this)\">\n       \n\n    <\/div>\n\n<\/div>\n\n<script>\nfunction changeImage(element) {\n    const mainImg = document.getElementById(\"mainImg\");\n\n    mainImg.style.opacity = 0;\n\n    setTimeout(() => {\n        mainImg.src = element.src;\n        mainImg.style.opacity = 1;\n    }, 150);\n\n    document.querySelectorAll(\".thumbnails img\")\n        .forEach(img => img.classList.remove(\"active\"));\n\n    element.classList.add(\"active\");\n}\n<\/script>\n\n\n\n<p class=\"wp-block-paragraph\">A trav\u00e9s de esta campa\u00f1a, el Tercer Viceministerio de Prevenci\u00f3n de la Violencia y el Delito reafirma su compromiso de impulsar acciones que fortalezcan la convivencia pac\u00edfica, promuevan una cultura de paz y contribuyan a reducir los factores de riesgo que pueden generar violencia en las comunidades.<\/p>\n\n\n\n<p class=\"wp-block-paragraph\">\u201cLlama de la Prevenci\u00f3n\u201d invita a toda la ciudadan\u00eda a sumarse activamente a este esfuerzo y hacer de cada recorrido de antorchas una expresi\u00f3n de civismo, respeto, solidaridad y orgullo nacional.<\/p>\n<div class=\"pvc_clear\"><\/div><p id=\"pvc_stats_8737\" class=\"pvc_stats all  \" data-element-id=\"8737\" style=\"\"><i class=\"pvc-stats-icon medium\" aria-hidden=\"true\"><svg aria-hidden=\"true\" focusable=\"false\" data-prefix=\"far\" data-icon=\"chart-bar\" role=\"img\" xmlns=\"http:\/\/www.w3.org\/2000\/svg\" viewBox=\"0 0 512 512\" class=\"svg-inline--fa fa-chart-bar fa-w-16 fa-2x\"><path fill=\"currentColor\" d=\"M396.8 352h22.4c6.4 0 12.8-6.4 12.8-12.8V108.8c0-6.4-6.4-12.8-12.8-12.8h-22.4c-6.4 0-12.8 6.4-12.8 12.8v230.4c0 6.4 6.4 12.8 12.8 12.8zm-192 0h22.4c6.4 0 12.8-6.4 12.8-12.8V140.8c0-6.4-6.4-12.8-12.8-12.8h-22.4c-6.4 0-12.8 6.4-12.8 12.8v198.4c0 6.4 6.4 12.8 12.8 12.8zm96 0h22.4c6.4 0 12.8-6.4 12.8-12.8V204.8c0-6.4-6.4-12.8-12.8-12.8h-22.4c-6.4 0-12.8 6.4-12.8 12.8v134.4c0 6.4 6.4 12.8 12.8 12.8zM496 400H48V80c0-8.84-7.16-16-16-16H16C7.16 64 0 71.16 0 80v336c0 17.67 14.33 32 32 32h464c8.84 0 16-7.16 16-16v-16c0-8.84-7.16-16-16-16zm-387.2-48h22.4c6.4 0 12.8-6.4 12.8-12.8v-70.4c0-6.4-6.4-12.8-12.8-12.8h-22.4c-6.4 0-12.8 6.4-12.8 12.8v70.4c0 6.4 6.4 12.8 12.8 12.8z\" class=\"\"><\/path><\/svg><\/i> <img decoding=\"async\" width=\"16\" height=\"16\" alt=\"Loading\" src=\"https:\/\/upcv.gob.gt\/inicio\/wp-content\/plugins\/page-views-count\/ajax-loader-2x.gif\" border=0 \/><\/p><div class=\"pvc_clear\"><\/div>","protected":false},"excerpt":{"rendered":"<p>El Ministerio de Gobernaci\u00f3n, por medio del Tercer Viceministerio de Prevenci\u00f3n de la Violencia y el Delito, present\u00f3 la campa\u00f1a \u201cLlama de la Prevenci\u00f3n\u201d, una iniciativa que busca fortalecer las acciones preventivas durante las celebraciones de Independencia y contribuir a que los tradicionales recorridos de antorchas se desarrollen de manera segura, responsable y pac\u00edfica. En [&hellip;]<\/p>\n<div class=\"pvc_clear\"><\/div>\n<p id=\"pvc_stats_8737\" class=\"pvc_stats all  \" data-element-id=\"8737\" style=\"\"><i class=\"pvc-stats-icon medium\" aria-hidden=\"true\"><svg aria-hidden=\"true\" focusable=\"false\" data-prefix=\"far\" data-icon=\"chart-bar\" role=\"img\" xmlns=\"http:\/\/www.w3.org\/2000\/svg\" viewBox=\"0 0 512 512\" class=\"svg-inline--fa fa-chart-bar fa-w-16 fa-2x\"><path fill=\"currentColor\" d=\"M396.8 352h22.4c6.4 0 12.8-6.4 12.8-12.8V108.8c0-6.4-6.4-12.8-12.8-12.8h-22.4c-6.4 0-12.8 6.4-12.8 12.8v230.4c0 6.4 6.4 12.8 12.8 12.8zm-192 0h22.4c6.4 0 12.8-6.4 12.8-12.8V140.8c0-6.4-6.4-12.8-12.8-12.8h-22.4c-6.4 0-12.8 6.4-12.8 12.8v198.4c0 6.4 6.4 12.8 12.8 12.8zm96 0h22.4c6.4 0 12.8-6.4 12.8-12.8V204.8c0-6.4-6.4-12.8-12.8-12.8h-22.4c-6.4 0-12.8 6.4-12.8 12.8v134.4c0 6.4 6.4 12.8 12.8 12.8zM496 400H48V80c0-8.84-7.16-16-16-16H16C7.16 64 0 71.16 0 80v336c0 17.67 14.33 32 32 32h464c8.84 0 16-7.16 16-16v-16c0-8.84-7.16-16-16-16zm-387.2-48h22.4c6.4 0 12.8-6.4 12.8-12.8v-70.4c0-6.4-6.4-12.8-12.8-12.8h-22.4c-6.4 0-12.8 6.4-12.8 12.8v70.4c0 6.4 6.4 12.8 12.8 12.8z\" class=\"\"><\/path><\/svg><\/i> <img decoding=\"async\" width=\"16\" height=\"16\" alt=\"Loading\" src=\"https:\/\/upcv.gob.gt\/inicio\/wp-content\/plugins\/page-views-count\/ajax-loader-2x.gif\" border=0 \/><\/p>\n<div class=\"pvc_clear\"><\/div>\n","protected":false},"author":2,"featured_media":8738,"comment_status":"closed","ping_status":"closed","sticky":false,"template":"","format":"standard","meta":{"footnotes":""},"categories":[4],"tags":[],"class_list":["post-8737","post","type-post","status-publish","format-standard","has-post-thumbnail","hentry","category-noticias"],"a3_pvc":{"activated":true,"total_views":1,"today_views":1},"_links":{"self":[{"href":"https:\/\/upcv.gob.gt\/inicio\/wp-json\/wp\/v2\/posts\/8737","targetHints":{"allow":["GET"]}}],"collection":[{"href":"https:\/\/upcv.gob.gt\/inicio\/wp-json\/wp\/v2\/posts"}],"about":[{"href":"https:\/\/upcv.gob.gt\/inicio\/wp-json\/wp\/v2\/types\/post"}],"author":[{"embeddable":true,"href":"https:\/\/upcv.gob.gt\/inicio\/wp-json\/wp\/v2\/users\/2"}],"replies":[{"embeddable":true,"href":"https:\/\/upcv.gob.gt\/inicio\/wp-json\/wp\/v2\/comments?post=8737"}],"version-history":[{"count":1,"href":"https:\/\/upcv.gob.gt\/inicio\/wp-json\/wp\/v2\/posts\/8737\/revisions"}],"predecessor-version":[{"id":8749,"href":"https:\/\/upcv.gob.gt\/inicio\/wp-json\/wp\/v2\/posts\/8737\/revisions\/8749"}],"wp:featuredmedia":[{"embeddable":true,"href":"https:\/\/upcv.gob.gt\/inicio\/wp-json\/wp\/v2\/media\/8738"}],"wp:attachment":[{"href":"https:\/\/upcv.gob.gt\/inicio\/wp-json\/wp\/v2\/media?parent=8737"}],"wp:term":[{"taxonomy":"category","embeddable":true,"href":"https:\/\/upcv.gob.gt\/inicio\/wp-json\/wp\/v2\/categories?post=8737"},{"taxonomy":"post_tag","embeddable":true,"href":"https:\/\/upcv.gob.gt\/inicio\/wp-json\/wp\/v2\/tags?post=8737"}],"curies":[{"name":"wp","href":"https:\/\/api.w.org\/{rel}","templated":true}]}}