{"id":8725,"date":"2026-08-28T07:11:19","date_gmt":"2026-08-28T13:11:19","guid":{"rendered":"https:\/\/upcv.gob.gt\/inicio\/?p=8725"},"modified":"2026-09-01T08:05:21","modified_gmt":"2026-09-01T14:05:21","slug":"festival-de-prevencion-1510-fortalece-la-cultura-de-denuncia-y-proteccion-de-ninas-ninos-y-adolescentes","status":"publish","type":"post","link":"https:\/\/upcv.gob.gt\/inicio\/2026\/08\/28\/festival-de-prevencion-1510-fortalece-la-cultura-de-denuncia-y-proteccion-de-ninas-ninos-y-adolescentes\/","title":{"rendered":"Festival de Prevenci\u00f3n 1510 fortalece la cultura de denuncia y protecci\u00f3n de ni\u00f1as, ni\u00f1os y adolescentes"},"content":{"rendered":"\n<p class=\"wp-block-paragraph\">En el marco de las acciones interinstitucionales para fortalecer la prevenci\u00f3n de la violencia en el \u00e1mbito escolar, se llev\u00f3 a cabo el <strong>Festival de Prevenci\u00f3n 1510<\/strong>, una jornada de informaci\u00f3n, sensibilizaci\u00f3n y participaci\u00f3n dirigida a la comunidad educativa del Instituto Experimental General Manuel Arana Osorio, en Retalhuleu.<\/p>\n\n\n\n<p class=\"wp-block-paragraph\">La actividad tuvo como objetivo fortalecer la prevenci\u00f3n de la violencia, promover la cultura de denuncia y reforzar el conocimiento y uso del n\u00famero telef\u00f3nico 1510, una l\u00ednea segura y confidencial para reportar situaciones de violencia contra ni\u00f1as, ni\u00f1os y adolescentes en el \u00e1mbito escolar.<\/p>\n\n\n\n<p class=\"wp-block-paragraph\">Como parte del Festival, la comunidad educativa tuvo acceso a stands informativos, en los que se brind\u00f3 orientaci\u00f3n sobre prevenci\u00f3n de la violencia, identificaci\u00f3n de se\u00f1ales de alerta, protecci\u00f3n de derechos y mecanismos de denuncia. Asimismo, se distribuyeron materiales informativos y preventivos, dise\u00f1ados para facilitar el acceso a informaci\u00f3n y herramientas que contribuyan a la prevenci\u00f3n de diferentes manifestaciones de violencia.<\/p>\n\n\n\n<meta charset=\"UTF-8\">\n<title>Galer\u00eda Moderna<\/title>\n\n<style>\nbody {\n    margin: 0;\n    font-family: Arial, sans-serif;\n    background: #fff;\n}\n\n.gallery-container {\n    max-width: 1200px;\n    margin: auto;\n    padding: 20px;\n}\n\n\/* \ud83d\udd25 CONTENEDOR SIN ALTURA FIJA *\/\n.main-image {\n    width: 100%;\n    border-radius: 15px;\n    overflow: hidden;\n    box-shadow: 0 10px 30px rgba(0,0,0,0.2);\n    background: #000;\n}\n\n\/* \ud83d\udd25 IMAGEN SIN FORZAR TAMA\u00d1O *\/\n.main-image img {\n    width: 100%;\n    height: auto; \/* CLAVE *\/\n    display: block;\n}\n\n\/* Miniaturas *\/\n.thumbnails {\n    display: flex;\n    gap: 10px;\n    margin-top: 15px;\n    overflow-x: auto;\n}\n\n.thumbnails img {\n    width: 120px;\n    height: 80px;\n    object-fit: cover;\n    border-radius: 10px;\n    cursor: pointer;\n    opacity: 0.6;\n    transition: 0.3s;\n    border: 2px solid transparent;\n    flex-shrink: 0;\n}\n\n.thumbnails img:hover,\n.thumbnails img.active {\n    opacity: 1;\n    transform: scale(1.05);\n    border: 2px solid #000;\n}\n\n\/* Responsive *\/\n@media (max-width: 768px) {\n    .thumbnails img {\n        width: 90px;\n        height: 60px;\n    }\n}\n<\/style>\n\n\n\n\n<div class=\"gallery-container\">\n\n<div class=\"main-image\"><img decoding=\"async\" id=\"mainImg\" src=\"https:\/\/upcv.gob.gt\/inicio\/wp-content\/uploads\/2026\/08\/3-21.jpg\"><\/div>\n\n<div class=\"thumbnails\">\n<img decoding=\"async\" class=\"active\" src=\"https:\/\/upcv.gob.gt\/inicio\/wp-content\/uploads\/2026\/08\/2-21.jpg\" onclick=\"changeImage(this)\">\n<img decoding=\"async\" src=\"https:\/\/upcv.gob.gt\/inicio\/wp-content\/uploads\/2026\/08\/4-18.jpg\" onclick=\"changeImage(this)\">\n<img decoding=\"async\" src=\"https:\/\/upcv.gob.gt\/inicio\/wp-content\/uploads\/2026\/08\/5-14.jpg\" onclick=\"changeImage(this)\">\n       \n\n    <\/div>\n\n<\/div>\n\n<script>\nfunction changeImage(element) {\n    const mainImg = document.getElementById(\"mainImg\");\n\n    mainImg.style.opacity = 0;\n\n    setTimeout(() => {\n        mainImg.src = element.src;\n        mainImg.style.opacity = 1;\n    }, 150);\n\n    document.querySelectorAll(\".thumbnails img\")\n        .forEach(img => img.classList.remove(\"active\"));\n\n    element.classList.add(\"active\");\n}\n<\/script>\n\n\n\n<p class=\"wp-block-paragraph\">La jornada tambi\u00e9n incluy\u00f3 actividades l\u00fadicas y participativas, que permitieron abordar los mensajes de prevenci\u00f3n de una manera din\u00e1mica y cercana a ni\u00f1as, ni\u00f1os y adolescentes, generando espacios de aprendizaje, reflexi\u00f3n y sensibilizaci\u00f3n sobre la importancia de construir entornos educativos seguros y protectores.<\/p>\n\n\n\n<p class=\"wp-block-paragraph\">Estas acciones buscan fomentar la participaci\u00f3n activa de la comunidad educativa, reconociendo que la prevenci\u00f3n y erradicaci\u00f3n de la violencia requieren del compromiso y la corresponsabilidad de estudiantes, docentes, familias, autoridades y sociedad en general.<\/p>\n\n\n\n<p class=\"wp-block-paragraph\">La actividad fue organizada por Unidad para la Prevenci\u00f3n Comunitaria de la Violencia (UPCV) y cont\u00f3 con el apoyo y participaci\u00f3n del Ministerio de Educaci\u00f3n (MINEDUC), Secretar\u00eda Contra la Violencia Sexual Explotaci\u00f3n y Trata de Personas (SVET), Consejo Nacional de la Juventud (CONJUVE), Consejo Nacional de Atenci\u00f3n al Migrante (CONAMIGUA), Gobernaci\u00f3n Departamental de Retalhuleu y Ministerio P\u00fablico, como parte del trabajo interinstitucional en favor de la ni\u00f1ez y la adolescencia.<\/p>\n\n\n\n<meta charset=\"UTF-8\">\n<title>Galer\u00eda Moderna<\/title>\n\n<style>\nbody {\n    margin: 0;\n    font-family: Arial, sans-serif;\n    background: #fff;\n}\n\n.gallery-container {\n    max-width: 1200px;\n    margin: auto;\n    padding: 20px;\n}\n\n\/* \ud83d\udd25 CONTENEDOR SIN ALTURA FIJA *\/\n.main-image {\n    width: 100%;\n    border-radius: 15px;\n    overflow: hidden;\n    box-shadow: 0 10px 30px rgba(0,0,0,0.2);\n    background: #000;\n}\n\n\/* \ud83d\udd25 IMAGEN SIN FORZAR TAMA\u00d1O *\/\n.main-image img {\n    width: 100%;\n    height: auto; \/* CLAVE *\/\n    display: block;\n}\n\n\/* Miniaturas *\/\n.thumbnails {\n    display: flex;\n    gap: 10px;\n    margin-top: 15px;\n    overflow-x: auto;\n}\n\n.thumbnails img {\n    width: 120px;\n    height: 80px;\n    object-fit: cover;\n    border-radius: 10px;\n    cursor: pointer;\n    opacity: 0.6;\n    transition: 0.3s;\n    border: 2px solid transparent;\n    flex-shrink: 0;\n}\n\n.thumbnails img:hover,\n.thumbnails img.active {\n    opacity: 1;\n    transform: scale(1.05);\n    border: 2px solid #000;\n}\n\n\/* Responsive *\/\n@media (max-width: 768px) {\n    .thumbnails img {\n        width: 90px;\n        height: 60px;\n    }\n}\n<\/style>\n\n\n\n\n<div class=\"gallery-container\">\n\n<div class=\"main-image\"><img decoding=\"async\" id=\"mainImg\" src=\"https:\/\/upcv.gob.gt\/inicio\/wp-content\/uploads\/2026\/08\/6-11.jpg\"><\/div>\n\n<div class=\"thumbnails\">\n<img decoding=\"async\" class=\"active\" src=\"https:\/\/upcv.gob.gt\/inicio\/wp-content\/uploads\/2026\/08\/7-8.jpg\" onclick=\"changeImage(this)\">\n<img decoding=\"async\" src=\"https:\/\/upcv.gob.gt\/inicio\/wp-content\/uploads\/2026\/08\/8-6.jpg\" onclick=\"changeImage(this)\">\n<img decoding=\"async\" src=\"https:\/\/upcv.gob.gt\/inicio\/wp-content\/uploads\/2026\/08\/9-3-1.jpg\" onclick=\"changeImage(this)\">\n<img decoding=\"async\" src=\"https:\/\/upcv.gob.gt\/inicio\/wp-content\/uploads\/2026\/08\/10-3.jpg\" onclick=\"changeImage(this)\">\n       \n\n    <\/div>\n\n<\/div>\n\n<script>\nfunction changeImage(element) {\n    const mainImg = document.getElementById(\"mainImg\");\n\n    mainImg.style.opacity = 0;\n\n    setTimeout(() => {\n        mainImg.src = element.src;\n        mainImg.style.opacity = 1;\n    }, 150);\n\n    document.querySelectorAll(\".thumbnails img\")\n        .forEach(img => img.classList.remove(\"active\"));\n\n    element.classList.add(\"active\");\n}\n<\/script>\n\n\n\n<p class=\"wp-block-paragraph\">La l\u00ednea telef\u00f3nica 1510 constituye un recurso de apoyo para que ni\u00f1as, ni\u00f1os, adolescentes y miembros de la comunidad educativa puedan reportar de manera segura y confidencial situaciones de violencia que afecten a la poblaci\u00f3n estudiantil.<\/p>\n\n\n\n<p class=\"wp-block-paragraph\">A trav\u00e9s del Festival de Prevenci\u00f3n 1510, las instituciones participantes fortalecen sus esfuerzos de comunicaci\u00f3n, prevenci\u00f3n y sensibilizaci\u00f3n, promoviendo el conocimiento de los mecanismos de denuncia y la participaci\u00f3n activa de la comunidad educativa.<\/p>\n\n\n\n<p class=\"wp-block-paragraph\">Con estas acciones interinstitucionales se reafirma el compromiso de continuar trabajando por la construcci\u00f3n de entornos educativos seguros, protectores y libres de violencia, donde la prevenci\u00f3n, la informaci\u00f3n y la denuncia responsable contribuyan a la protecci\u00f3n de los derechos y al bienestar integral de ni\u00f1as, ni\u00f1os y adolescentes.<\/p>\n\n\n\n<p class=\"wp-block-paragraph\"><\/p>\n<div class=\"pvc_clear\"><\/div><p id=\"pvc_stats_8725\" class=\"pvc_stats all  \" data-element-id=\"8725\" style=\"\"><i class=\"pvc-stats-icon medium\" aria-hidden=\"true\"><svg aria-hidden=\"true\" focusable=\"false\" data-prefix=\"far\" data-icon=\"chart-bar\" role=\"img\" xmlns=\"http:\/\/www.w3.org\/2000\/svg\" viewBox=\"0 0 512 512\" class=\"svg-inline--fa fa-chart-bar fa-w-16 fa-2x\"><path fill=\"currentColor\" d=\"M396.8 352h22.4c6.4 0 12.8-6.4 12.8-12.8V108.8c0-6.4-6.4-12.8-12.8-12.8h-22.4c-6.4 0-12.8 6.4-12.8 12.8v230.4c0 6.4 6.4 12.8 12.8 12.8zm-192 0h22.4c6.4 0 12.8-6.4 12.8-12.8V140.8c0-6.4-6.4-12.8-12.8-12.8h-22.4c-6.4 0-12.8 6.4-12.8 12.8v198.4c0 6.4 6.4 12.8 12.8 12.8zm96 0h22.4c6.4 0 12.8-6.4 12.8-12.8V204.8c0-6.4-6.4-12.8-12.8-12.8h-22.4c-6.4 0-12.8 6.4-12.8 12.8v134.4c0 6.4 6.4 12.8 12.8 12.8zM496 400H48V80c0-8.84-7.16-16-16-16H16C7.16 64 0 71.16 0 80v336c0 17.67 14.33 32 32 32h464c8.84 0 16-7.16 16-16v-16c0-8.84-7.16-16-16-16zm-387.2-48h22.4c6.4 0 12.8-6.4 12.8-12.8v-70.4c0-6.4-6.4-12.8-12.8-12.8h-22.4c-6.4 0-12.8 6.4-12.8 12.8v70.4c0 6.4 6.4 12.8 12.8 12.8z\" class=\"\"><\/path><\/svg><\/i> <img decoding=\"async\" width=\"16\" height=\"16\" alt=\"Loading\" src=\"https:\/\/upcv.gob.gt\/inicio\/wp-content\/plugins\/page-views-count\/ajax-loader-2x.gif\" border=0 \/><\/p><div class=\"pvc_clear\"><\/div>","protected":false},"excerpt":{"rendered":"<p>En el marco de las acciones interinstitucionales para fortalecer la prevenci\u00f3n de la violencia en el \u00e1mbito escolar, se llev\u00f3 a cabo el Festival de Prevenci\u00f3n 1510, una jornada de informaci\u00f3n, sensibilizaci\u00f3n y participaci\u00f3n dirigida a la comunidad educativa del Instituto Experimental General Manuel Arana Osorio, en Retalhuleu. La actividad tuvo como objetivo fortalecer la [&hellip;]<\/p>\n<div class=\"pvc_clear\"><\/div>\n<p id=\"pvc_stats_8725\" class=\"pvc_stats all  \" data-element-id=\"8725\" style=\"\"><i class=\"pvc-stats-icon medium\" aria-hidden=\"true\"><svg aria-hidden=\"true\" focusable=\"false\" data-prefix=\"far\" data-icon=\"chart-bar\" role=\"img\" xmlns=\"http:\/\/www.w3.org\/2000\/svg\" viewBox=\"0 0 512 512\" class=\"svg-inline--fa fa-chart-bar fa-w-16 fa-2x\"><path fill=\"currentColor\" d=\"M396.8 352h22.4c6.4 0 12.8-6.4 12.8-12.8V108.8c0-6.4-6.4-12.8-12.8-12.8h-22.4c-6.4 0-12.8 6.4-12.8 12.8v230.4c0 6.4 6.4 12.8 12.8 12.8zm-192 0h22.4c6.4 0 12.8-6.4 12.8-12.8V140.8c0-6.4-6.4-12.8-12.8-12.8h-22.4c-6.4 0-12.8 6.4-12.8 12.8v198.4c0 6.4 6.4 12.8 12.8 12.8zm96 0h22.4c6.4 0 12.8-6.4 12.8-12.8V204.8c0-6.4-6.4-12.8-12.8-12.8h-22.4c-6.4 0-12.8 6.4-12.8 12.8v134.4c0 6.4 6.4 12.8 12.8 12.8zM496 400H48V80c0-8.84-7.16-16-16-16H16C7.16 64 0 71.16 0 80v336c0 17.67 14.33 32 32 32h464c8.84 0 16-7.16 16-16v-16c0-8.84-7.16-16-16-16zm-387.2-48h22.4c6.4 0 12.8-6.4 12.8-12.8v-70.4c0-6.4-6.4-12.8-12.8-12.8h-22.4c-6.4 0-12.8 6.4-12.8 12.8v70.4c0 6.4 6.4 12.8 12.8 12.8z\" class=\"\"><\/path><\/svg><\/i> <img decoding=\"async\" width=\"16\" height=\"16\" alt=\"Loading\" src=\"https:\/\/upcv.gob.gt\/inicio\/wp-content\/plugins\/page-views-count\/ajax-loader-2x.gif\" border=0 \/><\/p>\n<div class=\"pvc_clear\"><\/div>\n","protected":false},"author":2,"featured_media":8730,"comment_status":"closed","ping_status":"closed","sticky":false,"template":"","format":"standard","meta":{"footnotes":""},"categories":[4],"tags":[],"class_list":["post-8725","post","type-post","status-publish","format-standard","has-post-thumbnail","hentry","category-noticias"],"a3_pvc":{"activated":true,"total_views":3,"today_views":3},"_links":{"self":[{"href":"https:\/\/upcv.gob.gt\/inicio\/wp-json\/wp\/v2\/posts\/8725","targetHints":{"allow":["GET"]}}],"collection":[{"href":"https:\/\/upcv.gob.gt\/inicio\/wp-json\/wp\/v2\/posts"}],"about":[{"href":"https:\/\/upcv.gob.gt\/inicio\/wp-json\/wp\/v2\/types\/post"}],"author":[{"embeddable":true,"href":"https:\/\/upcv.gob.gt\/inicio\/wp-json\/wp\/v2\/users\/2"}],"replies":[{"embeddable":true,"href":"https:\/\/upcv.gob.gt\/inicio\/wp-json\/wp\/v2\/comments?post=8725"}],"version-history":[{"count":1,"href":"https:\/\/upcv.gob.gt\/inicio\/wp-json\/wp\/v2\/posts\/8725\/revisions"}],"predecessor-version":[{"id":8736,"href":"https:\/\/upcv.gob.gt\/inicio\/wp-json\/wp\/v2\/posts\/8725\/revisions\/8736"}],"wp:featuredmedia":[{"embeddable":true,"href":"https:\/\/upcv.gob.gt\/inicio\/wp-json\/wp\/v2\/media\/8730"}],"wp:attachment":[{"href":"https:\/\/upcv.gob.gt\/inicio\/wp-json\/wp\/v2\/media?parent=8725"}],"wp:term":[{"taxonomy":"category","embeddable":true,"href":"https:\/\/upcv.gob.gt\/inicio\/wp-json\/wp\/v2\/categories?post=8725"},{"taxonomy":"post_tag","embeddable":true,"href":"https:\/\/upcv.gob.gt\/inicio\/wp-json\/wp\/v2\/tags?post=8725"}],"curies":[{"name":"wp","href":"https:\/\/api.w.org\/{rel}","templated":true}]}}