{"id":79,"date":"2025-05-26T21:37:41","date_gmt":"2025-05-26T21:37:41","guid":{"rendered":"https:\/\/upcv.gob.gt\/inicio\/?p=79"},"modified":"2025-05-26T16:10:49","modified_gmt":"2025-05-26T16:10:49","slug":"filosofia-institucional","status":"publish","type":"post","link":"https:\/\/upcv.gob.gt\/inicio\/2025\/05\/26\/filosofia-institucional\/","title":{"rendered":"Filosof\u00eda Institucional"},"content":{"rendered":"\n<p><strong>Misi\u00f3n<\/strong><\/p>\n\n\n\n<p>Nuestra misi\u00f3n es contribuir a la gobernabilidad, salvaguardar la seguridad interior, prevenir y combatir el crimen para proteger a la poblaci\u00f3n y sus bienes, manteniendo la paz, asegurando el cumplimiento de la ley, garantizando un entorno seguro en el marco de los derechos humanos.<\/p>\n\n\n\n<p><strong>Visi\u00f3n<\/strong><\/p>\n\n\n\n<p>Ser en el a\u00f1o 2032, un Ministerio resiliente, profesional, transparente y tecnol\u00f3gico, comprometido con la seguridad democr\u00e1tica y la paz en Guatemala. Ser reconocido por la poblaci\u00f3n como una entidad honesta, confiable y cercana.<\/p>\n\n\n\n<p><strong>Valores Institucionales<\/strong><\/p>\n\n\n\n<p><strong>a) Honestidad:<\/strong>&nbsp;Actuar con coherencia entre los pensamientos, palabras y acciones, de manera justa y transparente, procurando la verdad en todas las situaciones.<\/p>\n\n\n\n<p><strong>b) Integridad:<\/strong>&nbsp;Virtud inherente para tomar decisiones y actuar en observancia de los preceptos y normas establecidas, independientemente de la supervisi\u00f3n o rendici\u00f3n de cuentas a la que se encuentre sujeta la persona.<\/p>\n\n\n\n<p><strong>c) Compromiso:&nbsp;<\/strong>V\u00ednculo que se asume para garantizar que las decisiones, procesos y uso de recursos sean dirigidos al desarrollo pleno de las funciones encomendadas, para proveer servicios p\u00fablicos de calidad a la poblaci\u00f3n.<\/p>\n\n\n\n<p><strong>Principios \u00c9ticos<\/strong><\/p>\n\n\n\n<p>Los Principios \u00e9ticos<strong>&nbsp;<\/strong>son fundamentales en el fomento de una cultura \u00e9tica en las personas que laboran y prestan sus servicios en el Ministerio de Gobernaci\u00f3n y sus Dependencias, para lo cual se establecen los siguientes:<\/p>\n\n\n\n<p><strong>a) Responsabilidad:<\/strong>&nbsp;Promover la eficiencia y eficacia en el uso del tiempo, los recursos y las herramientas que se encuentran a disposici\u00f3n, siempre en funci\u00f3n de alcanzar los objetivos institucionales y cumplir los fines del Estado.<\/p>\n\n\n\n<p><strong>b) Vocaci\u00f3n de servicio:<\/strong>&nbsp;Desarrollar las funciones o la prestaci\u00f3n de servicios con actitud respetuosa, solidaria, cort\u00e9s, emp\u00e1tica, tolerante, educada y paciente hacia todas las personas.<\/p>\n\n\n\n<p><strong>c) Transparencia:<\/strong>&nbsp;Privilegiar la m\u00e1xima publicidad de la informaci\u00f3n p\u00fablica y atender el derecho que tiene la poblaci\u00f3n de acceder a conocer los actos, procedimientos y decisiones de la administraci\u00f3n p\u00fablica, seg\u00fan lo dispuesto en las leyes sobre la materia.<\/p>\n\n\n\n<p><strong>d) Pertinencia cultural:<\/strong>&nbsp;Incorporar un enfoque intercultural en el desarrollo de las funciones o prestaci\u00f3n de servicios p\u00fablicos; lo cual implica tener en cuenta y ajustarse a las caracter\u00edsticas que identifican a los pueblos maya, xinka, gar\u00edfuna y mestizo, respectivamente.<\/p>\n\n\n\n<p><strong>e) No discriminaci\u00f3n:<\/strong>&nbsp;Garantizar que todas las personas y grupos de personas sean tratadas sin distinci\u00f3n, exclusi\u00f3n, restricci\u00f3n o preferencia arbitraria que les dificulte o impida el reconocimiento, goce o ejercicio de sus derechos en condiciones de igualdad. En especial, debe evitarse la discriminaci\u00f3n basada en motivos de g\u00e9nero, identidad cultural, etnia, idioma, edad, religi\u00f3n, ideolog\u00eda, situaci\u00f3n socioecon\u00f3mica, condici\u00f3n f\u00edsica, estado civil o nacionalidad.<\/p>\n\n\n\n<p><strong>f) Prudencia:<\/strong>&nbsp;Actuar con cautela, sensatez y sentido com\u00fan; absteni\u00e9ndose de conductas que sea previsible que causar\u00e1n da\u00f1o a la instituci\u00f3n o a las personas que reciben sus servicios.<\/p>\n\n\n\n<p><strong>g) Primac\u00eda del bien com\u00fan:<\/strong>&nbsp;Atender los mandatos constitucionales de que el fin supremo del Estado es la realizaci\u00f3n del bien com\u00fan y que el inter\u00e9s social prevalece sobre el inter\u00e9s particular.<\/p>\n\n\n\n<p><strong>h) Adaptaci\u00f3n:<\/strong>&nbsp;Disposici\u00f3n de actualizar las pol\u00edticas, pr\u00e1cticas, normativas y procedimientos, de tal manera que permitan adecuarse a las necesidades de la poblaci\u00f3n y contribuir a su desarrollo.<\/p>\n\n\n\n<p><strong>i) Armon\u00eda:<\/strong>&nbsp;Desarrollar acciones que promuevan o faciliten el equilibrio y el entendimiento con la poblaci\u00f3n.<\/p>\n\n\n\n<p><strong>j) Legalidad:<\/strong>&nbsp;Desempe\u00f1ar las funciones o la prestaci\u00f3n de servicios en el marco de las normas jur\u00eddicas vigentes y aplicables en cada caso, sean de car\u00e1cter constitucional, legal, reglamentario o internacional.<\/p>\n\n\n\n<p><strong>k) Imparcialidad:<\/strong>&nbsp;Desempe\u00f1ar las funciones o la prestaci\u00f3n de servicios de manera ecu\u00e1nime y objetiva, sin prejuicios y sin someterse a influencias, intereses o presiones que perjudiquen la independencia de criterio.<\/p>\n\n\n\n<p><strong>l) Celeridad:<\/strong>&nbsp;Desarrollar las acciones o tareas en tiempos que sean razonables de acuerdo con la naturaleza de las atribuciones establecidas en la ley, y que permitan atender adecuadamente las necesidades de la poblaci\u00f3n a las que van dirigidas tales acciones o tareas.<\/p>\n<div class=\"pvc_clear\"><\/div><p id=\"pvc_stats_79\" class=\"pvc_stats all  \" data-element-id=\"79\" style=\"\"><i class=\"pvc-stats-icon medium\" aria-hidden=\"true\"><svg aria-hidden=\"true\" focusable=\"false\" data-prefix=\"far\" data-icon=\"chart-bar\" role=\"img\" xmlns=\"http:\/\/www.w3.org\/2000\/svg\" viewBox=\"0 0 512 512\" class=\"svg-inline--fa fa-chart-bar fa-w-16 fa-2x\"><path fill=\"currentColor\" d=\"M396.8 352h22.4c6.4 0 12.8-6.4 12.8-12.8V108.8c0-6.4-6.4-12.8-12.8-12.8h-22.4c-6.4 0-12.8 6.4-12.8 12.8v230.4c0 6.4 6.4 12.8 12.8 12.8zm-192 0h22.4c6.4 0 12.8-6.4 12.8-12.8V140.8c0-6.4-6.4-12.8-12.8-12.8h-22.4c-6.4 0-12.8 6.4-12.8 12.8v198.4c0 6.4 6.4 12.8 12.8 12.8zm96 0h22.4c6.4 0 12.8-6.4 12.8-12.8V204.8c0-6.4-6.4-12.8-12.8-12.8h-22.4c-6.4 0-12.8 6.4-12.8 12.8v134.4c0 6.4 6.4 12.8 12.8 12.8zM496 400H48V80c0-8.84-7.16-16-16-16H16C7.16 64 0 71.16 0 80v336c0 17.67 14.33 32 32 32h464c8.84 0 16-7.16 16-16v-16c0-8.84-7.16-16-16-16zm-387.2-48h22.4c6.4 0 12.8-6.4 12.8-12.8v-70.4c0-6.4-6.4-12.8-12.8-12.8h-22.4c-6.4 0-12.8 6.4-12.8 12.8v70.4c0 6.4 6.4 12.8 12.8 12.8z\" class=\"\"><\/path><\/svg><\/i> <img decoding=\"async\" width=\"16\" height=\"16\" alt=\"Loading\" src=\"https:\/\/upcv.gob.gt\/inicio\/wp-content\/plugins\/page-views-count\/ajax-loader-2x.gif\" border=0 \/><\/p><div class=\"pvc_clear\"><\/div>","protected":false},"excerpt":{"rendered":"<p>Misi\u00f3n Nuestra misi\u00f3n es contribuir a la gobernabilidad, salvaguardar la seguridad interior, prevenir y combatir el crimen para proteger a la poblaci\u00f3n y sus bienes, manteniendo la paz, asegurando el cumplimiento de la ley, garantizando un entorno seguro en el marco de los derechos humanos. Visi\u00f3n Ser en el a\u00f1o 2032, un Ministerio resiliente, profesional, [&hellip;]<\/p>\n<div class=\"pvc_clear\"><\/div>\n<p id=\"pvc_stats_79\" class=\"pvc_stats all  \" data-element-id=\"79\" style=\"\"><i class=\"pvc-stats-icon medium\" aria-hidden=\"true\"><svg aria-hidden=\"true\" focusable=\"false\" data-prefix=\"far\" data-icon=\"chart-bar\" role=\"img\" xmlns=\"http:\/\/www.w3.org\/2000\/svg\" viewBox=\"0 0 512 512\" class=\"svg-inline--fa fa-chart-bar fa-w-16 fa-2x\"><path fill=\"currentColor\" d=\"M396.8 352h22.4c6.4 0 12.8-6.4 12.8-12.8V108.8c0-6.4-6.4-12.8-12.8-12.8h-22.4c-6.4 0-12.8 6.4-12.8 12.8v230.4c0 6.4 6.4 12.8 12.8 12.8zm-192 0h22.4c6.4 0 12.8-6.4 12.8-12.8V140.8c0-6.4-6.4-12.8-12.8-12.8h-22.4c-6.4 0-12.8 6.4-12.8 12.8v198.4c0 6.4 6.4 12.8 12.8 12.8zm96 0h22.4c6.4 0 12.8-6.4 12.8-12.8V204.8c0-6.4-6.4-12.8-12.8-12.8h-22.4c-6.4 0-12.8 6.4-12.8 12.8v134.4c0 6.4 6.4 12.8 12.8 12.8zM496 400H48V80c0-8.84-7.16-16-16-16H16C7.16 64 0 71.16 0 80v336c0 17.67 14.33 32 32 32h464c8.84 0 16-7.16 16-16v-16c0-8.84-7.16-16-16-16zm-387.2-48h22.4c6.4 0 12.8-6.4 12.8-12.8v-70.4c0-6.4-6.4-12.8-12.8-12.8h-22.4c-6.4 0-12.8 6.4-12.8 12.8v70.4c0 6.4 6.4 12.8 12.8 12.8z\" class=\"\"><\/path><\/svg><\/i> <img decoding=\"async\" width=\"16\" height=\"16\" alt=\"Loading\" src=\"https:\/\/upcv.gob.gt\/inicio\/wp-content\/plugins\/page-views-count\/ajax-loader-2x.gif\" border=0 \/><\/p>\n<div class=\"pvc_clear\"><\/div>\n","protected":false},"author":2,"featured_media":0,"comment_status":"open","ping_status":"closed","sticky":false,"template":"","format":"standard","meta":{"footnotes":""},"categories":[9],"tags":[],"class_list":["post-79","post","type-post","status-publish","format-standard","hentry","category-acerca-de-nosotros"],"a3_pvc":{"activated":true,"total_views":322,"today_views":1},"_links":{"self":[{"href":"https:\/\/upcv.gob.gt\/inicio\/wp-json\/wp\/v2\/posts\/79","targetHints":{"allow":["GET"]}}],"collection":[{"href":"https:\/\/upcv.gob.gt\/inicio\/wp-json\/wp\/v2\/posts"}],"about":[{"href":"https:\/\/upcv.gob.gt\/inicio\/wp-json\/wp\/v2\/types\/post"}],"author":[{"embeddable":true,"href":"https:\/\/upcv.gob.gt\/inicio\/wp-json\/wp\/v2\/users\/2"}],"replies":[{"embeddable":true,"href":"https:\/\/upcv.gob.gt\/inicio\/wp-json\/wp\/v2\/comments?post=79"}],"version-history":[{"count":2,"href":"https:\/\/upcv.gob.gt\/inicio\/wp-json\/wp\/v2\/posts\/79\/revisions"}],"predecessor-version":[{"id":4671,"href":"https:\/\/upcv.gob.gt\/inicio\/wp-json\/wp\/v2\/posts\/79\/revisions\/4671"}],"wp:attachment":[{"href":"https:\/\/upcv.gob.gt\/inicio\/wp-json\/wp\/v2\/media?parent=79"}],"wp:term":[{"taxonomy":"category","embeddable":true,"href":"https:\/\/upcv.gob.gt\/inicio\/wp-json\/wp\/v2\/categories?post=79"},{"taxonomy":"post_tag","embeddable":true,"href":"https:\/\/upcv.gob.gt\/inicio\/wp-json\/wp\/v2\/tags?post=79"}],"curies":[{"name":"wp","href":"https:\/\/api.w.org\/{rel}","templated":true}]}}