{"id":6687,"date":"2026-04-30T14:47:49","date_gmt":"2026-04-30T20:47:49","guid":{"rendered":"https:\/\/upcv.gob.gt\/inicio\/?p=6687"},"modified":"2026-04-30T14:47:50","modified_gmt":"2026-04-30T20:47:50","slug":"expocap-fortaleciendo-el-acceso-a-servicios-para-la-poblacion-de-huehuetenango","status":"publish","type":"post","link":"https:\/\/upcv.gob.gt\/inicio\/2026\/04\/30\/expocap-fortaleciendo-el-acceso-a-servicios-para-la-poblacion-de-huehuetenango\/","title":{"rendered":"ExpoCAP: Fortaleciendo el acceso a servicios para la poblaci\u00f3n de Huehuetenango"},"content":{"rendered":"\n<p>La 3.a edici\u00f3n de la ExpoCAP se llev\u00f3 a cabo con gran \u00e9xito en el parque central de la cabecera departamental de Huehuetenango, un evento que reuni\u00f3 a m\u00e1s de 16 instituciones para ofrecer una amplia gama de servicios a la poblaci\u00f3n y promover los programas que el Gobierno de Guatemala pone a disposici\u00f3n de la ciudadan\u00eda.<\/p>\n\n\n\n<p>Este evento, impulsado por el Consejo de Atenci\u00f3n y Protecci\u00f3n (CAP), se consolid\u00f3 como una estrategia clave en la difusi\u00f3n de programas gubernamentales, en la prevenci\u00f3n de la migraci\u00f3n irregular, y en la mejora de la calidad de vida de los guatemaltecos mediante el acceso a servicios y beneficios espec\u00edficos ofrecidos por las instituciones participantes.<\/p>\n\n\n\n<p>Entre las actividades destacadas, la Unidad para la Prevenci\u00f3n Comunitaria de la Violencia (UPCV) y la Polic\u00eda Nacional Civil (PNC) ofrecieron informaci\u00f3n valiosa sobre las l\u00edneas de denuncia y las acciones que implementan para garantizar la seguridad y el bienestar de la poblaci\u00f3n.<\/p>\n\n\n\n<!DOCTYPE html>\n<html lang=\"es\">\n<head>\n<meta charset=\"UTF-8\">\n<title>Galer\u00eda Moderna<\/title>\n\n<style>\nbody {\n    margin: 0;\n    font-family: Arial, sans-serif;\n    background: #fff;\n}\n\n.gallery-container {\n    max-width: 1200px;\n    margin: auto;\n    padding: 20px;\n}\n\n\/* \ud83d\udd25 CONTENEDOR SIN ALTURA FIJA *\/\n.main-image {\n    width: 100%;\n    border-radius: 15px;\n    overflow: hidden;\n    box-shadow: 0 10px 30px rgba(0,0,0,0.2);\n    background: #000;\n}\n\n\/* \ud83d\udd25 IMAGEN SIN FORZAR TAMA\u00d1O *\/\n.main-image img {\n    width: 100%;\n    height: auto; \/* CLAVE *\/\n    display: block;\n}\n\n\/* Miniaturas *\/\n.thumbnails {\n    display: flex;\n    gap: 10px;\n    margin-top: 15px;\n    overflow-x: auto;\n}\n\n.thumbnails img {\n    width: 120px;\n    height: 80px;\n    object-fit: cover;\n    border-radius: 10px;\n    cursor: pointer;\n    opacity: 0.6;\n    transition: 0.3s;\n    border: 2px solid transparent;\n    flex-shrink: 0;\n}\n\n.thumbnails img:hover,\n.thumbnails img.active {\n    opacity: 1;\n    transform: scale(1.05);\n    border: 2px solid #000;\n}\n\n\/* Responsive *\/\n@media (max-width: 768px) {\n    .thumbnails img {\n        width: 90px;\n        height: 60px;\n    }\n}\n<\/style>\n<\/head>\n\n<body>\n\n<div class=\"gallery-container\">\n\n    <div class=\"main-image\">\n        <img decoding=\"async\" id=\"mainImg\" src=\"https:\/\/upcv.gob.gt\/inicio\/wp-content\/uploads\/2026\/04\/2-12.jpg\">\n    <\/div>\n\n    <div class=\"thumbnails\">\n        <img decoding=\"async\" class=\"active\" src=\"https:\/\/upcv.gob.gt\/inicio\/wp-content\/uploads\/2026\/04\/3-13-4.jpg\" onclick=\"changeImage(this)\">\n        <img decoding=\"async\" src=\"https:\/\/upcv.gob.gt\/inicio\/wp-content\/uploads\/2026\/04\/4-11-3.jpg\" onclick=\"changeImage(this)\">\n        <img decoding=\"async\" src=\"https:\/\/upcv.gob.gt\/inicio\/wp-content\/uploads\/2026\/04\/5-7-3.jpg\" onclick=\"changeImage(this)\">\n        <img decoding=\"async\" src=\"https:\/\/upcv.gob.gt\/inicio\/wp-content\/uploads\/2026\/04\/6-4-1.jpg\" onclick=\"changeImage(this)\">\n    <\/div>\n\n<\/div>\n\n<script>\nfunction changeImage(element) {\n    const mainImg = document.getElementById(\"mainImg\");\n\n    mainImg.style.opacity = 0;\n\n    setTimeout(() => {\n        mainImg.src = element.src;\n        mainImg.style.opacity = 1;\n    }, 150);\n\n    document.querySelectorAll(\".thumbnails img\")\n        .forEach(img => img.classList.remove(\"active\"));\n\n    element.classList.add(\"active\");\n}\n<\/script>\n\n<\/body>\n<\/html>\n\n\n\n<p>Los asistentes a la ExpoCAP pudieron acceder a servicios orientados a la construcci\u00f3n de una sociedad m\u00e1s segura y sostenible, contribuyendo a fortalecer el tejido social y la confianza de la ciudadan\u00eda en las instituciones del pa\u00eds.<\/p>\n\n\n\n<p>La jornada fue acompa\u00f1ada por la presencia de importantes autoridades, como el viceministro Antinarc\u00f3tico, V\u00edctor Cruz Reynoso; el gobernador departamental, Sebasti\u00e1n L\u00f3pez; el director general de Migraci\u00f3n, Alfredo Rivera; el subdirector Antinarc\u00f3tico de la PNC, Wuilber Arreaga, y otros invitados especiales, quienes respaldaron esta importante iniciativa que busca acercar los servicios gubernamentales a las comunidades m\u00e1s vulnerables.<\/p>\n\n\n\n<p>El Gobierno de Guatemala reafirma su compromiso con la poblaci\u00f3n guatemalteca, promoviendo espacios como la ExpoCAP, donde la colaboraci\u00f3n interinstitucional se convierte en la herramienta fundamental para brindar una atenci\u00f3n integral, efectiva y cercana a cada ciudadano, con el fin de contribuir a la construcci\u00f3n de un pa\u00eds m\u00e1s justo, seguro y con oportunidades para todas y todos.<\/p>\n\n\n\n<p><\/p>\n<div class=\"pvc_clear\"><\/div><p id=\"pvc_stats_6687\" class=\"pvc_stats all  \" data-element-id=\"6687\" style=\"\"><i class=\"pvc-stats-icon medium\" aria-hidden=\"true\"><svg aria-hidden=\"true\" focusable=\"false\" data-prefix=\"far\" data-icon=\"chart-bar\" role=\"img\" xmlns=\"http:\/\/www.w3.org\/2000\/svg\" viewBox=\"0 0 512 512\" class=\"svg-inline--fa fa-chart-bar fa-w-16 fa-2x\"><path fill=\"currentColor\" d=\"M396.8 352h22.4c6.4 0 12.8-6.4 12.8-12.8V108.8c0-6.4-6.4-12.8-12.8-12.8h-22.4c-6.4 0-12.8 6.4-12.8 12.8v230.4c0 6.4 6.4 12.8 12.8 12.8zm-192 0h22.4c6.4 0 12.8-6.4 12.8-12.8V140.8c0-6.4-6.4-12.8-12.8-12.8h-22.4c-6.4 0-12.8 6.4-12.8 12.8v198.4c0 6.4 6.4 12.8 12.8 12.8zm96 0h22.4c6.4 0 12.8-6.4 12.8-12.8V204.8c0-6.4-6.4-12.8-12.8-12.8h-22.4c-6.4 0-12.8 6.4-12.8 12.8v134.4c0 6.4 6.4 12.8 12.8 12.8zM496 400H48V80c0-8.84-7.16-16-16-16H16C7.16 64 0 71.16 0 80v336c0 17.67 14.33 32 32 32h464c8.84 0 16-7.16 16-16v-16c0-8.84-7.16-16-16-16zm-387.2-48h22.4c6.4 0 12.8-6.4 12.8-12.8v-70.4c0-6.4-6.4-12.8-12.8-12.8h-22.4c-6.4 0-12.8 6.4-12.8 12.8v70.4c0 6.4 6.4 12.8 12.8 12.8z\" class=\"\"><\/path><\/svg><\/i> <img decoding=\"async\" width=\"16\" height=\"16\" alt=\"Loading\" src=\"https:\/\/upcv.gob.gt\/inicio\/wp-content\/plugins\/page-views-count\/ajax-loader-2x.gif\" border=0 \/><\/p><div class=\"pvc_clear\"><\/div>","protected":false},"excerpt":{"rendered":"<p>La 3.a edici\u00f3n de la ExpoCAP se llev\u00f3 a cabo con gran \u00e9xito en el parque central de la cabecera departamental de Huehuetenango, un evento que reuni\u00f3 a m\u00e1s de 16 instituciones para ofrecer una amplia gama de servicios a la poblaci\u00f3n y promover los programas que el Gobierno de Guatemala pone a disposici\u00f3n de [&hellip;]<\/p>\n<div class=\"pvc_clear\"><\/div>\n<p id=\"pvc_stats_6687\" class=\"pvc_stats all  \" data-element-id=\"6687\" style=\"\"><i class=\"pvc-stats-icon medium\" aria-hidden=\"true\"><svg aria-hidden=\"true\" focusable=\"false\" data-prefix=\"far\" data-icon=\"chart-bar\" role=\"img\" xmlns=\"http:\/\/www.w3.org\/2000\/svg\" viewBox=\"0 0 512 512\" class=\"svg-inline--fa fa-chart-bar fa-w-16 fa-2x\"><path fill=\"currentColor\" d=\"M396.8 352h22.4c6.4 0 12.8-6.4 12.8-12.8V108.8c0-6.4-6.4-12.8-12.8-12.8h-22.4c-6.4 0-12.8 6.4-12.8 12.8v230.4c0 6.4 6.4 12.8 12.8 12.8zm-192 0h22.4c6.4 0 12.8-6.4 12.8-12.8V140.8c0-6.4-6.4-12.8-12.8-12.8h-22.4c-6.4 0-12.8 6.4-12.8 12.8v198.4c0 6.4 6.4 12.8 12.8 12.8zm96 0h22.4c6.4 0 12.8-6.4 12.8-12.8V204.8c0-6.4-6.4-12.8-12.8-12.8h-22.4c-6.4 0-12.8 6.4-12.8 12.8v134.4c0 6.4 6.4 12.8 12.8 12.8zM496 400H48V80c0-8.84-7.16-16-16-16H16C7.16 64 0 71.16 0 80v336c0 17.67 14.33 32 32 32h464c8.84 0 16-7.16 16-16v-16c0-8.84-7.16-16-16-16zm-387.2-48h22.4c6.4 0 12.8-6.4 12.8-12.8v-70.4c0-6.4-6.4-12.8-12.8-12.8h-22.4c-6.4 0-12.8 6.4-12.8 12.8v70.4c0 6.4 6.4 12.8 12.8 12.8z\" class=\"\"><\/path><\/svg><\/i> <img decoding=\"async\" width=\"16\" height=\"16\" alt=\"Loading\" src=\"https:\/\/upcv.gob.gt\/inicio\/wp-content\/plugins\/page-views-count\/ajax-loader-2x.gif\" border=0 \/><\/p>\n<div class=\"pvc_clear\"><\/div>\n","protected":false},"author":2,"featured_media":6689,"comment_status":"closed","ping_status":"closed","sticky":false,"template":"","format":"standard","meta":{"footnotes":""},"categories":[4],"tags":[],"class_list":["post-6687","post","type-post","status-publish","format-standard","has-post-thumbnail","hentry","category-noticias"],"a3_pvc":{"activated":true,"total_views":2,"today_views":1},"_links":{"self":[{"href":"https:\/\/upcv.gob.gt\/inicio\/wp-json\/wp\/v2\/posts\/6687","targetHints":{"allow":["GET"]}}],"collection":[{"href":"https:\/\/upcv.gob.gt\/inicio\/wp-json\/wp\/v2\/posts"}],"about":[{"href":"https:\/\/upcv.gob.gt\/inicio\/wp-json\/wp\/v2\/types\/post"}],"author":[{"embeddable":true,"href":"https:\/\/upcv.gob.gt\/inicio\/wp-json\/wp\/v2\/users\/2"}],"replies":[{"embeddable":true,"href":"https:\/\/upcv.gob.gt\/inicio\/wp-json\/wp\/v2\/comments?post=6687"}],"version-history":[{"count":2,"href":"https:\/\/upcv.gob.gt\/inicio\/wp-json\/wp\/v2\/posts\/6687\/revisions"}],"predecessor-version":[{"id":6696,"href":"https:\/\/upcv.gob.gt\/inicio\/wp-json\/wp\/v2\/posts\/6687\/revisions\/6696"}],"wp:featuredmedia":[{"embeddable":true,"href":"https:\/\/upcv.gob.gt\/inicio\/wp-json\/wp\/v2\/media\/6689"}],"wp:attachment":[{"href":"https:\/\/upcv.gob.gt\/inicio\/wp-json\/wp\/v2\/media?parent=6687"}],"wp:term":[{"taxonomy":"category","embeddable":true,"href":"https:\/\/upcv.gob.gt\/inicio\/wp-json\/wp\/v2\/categories?post=6687"},{"taxonomy":"post_tag","embeddable":true,"href":"https:\/\/upcv.gob.gt\/inicio\/wp-json\/wp\/v2\/tags?post=6687"}],"curies":[{"name":"wp","href":"https:\/\/api.w.org\/{rel}","templated":true}]}}