{"id":6656,"date":"2026-04-27T14:57:29","date_gmt":"2026-04-27T20:57:29","guid":{"rendered":"https:\/\/upcv.gob.gt\/inicio\/?p=6656"},"modified":"2026-04-28T14:58:42","modified_gmt":"2026-04-28T20:58:42","slug":"un-dia-con-mi-comunidad-fortalece-la-prevencion-en-los-municipios-de-villa-nueva-y-amatitlan","status":"publish","type":"post","link":"https:\/\/upcv.gob.gt\/inicio\/2026\/04\/27\/un-dia-con-mi-comunidad-fortalece-la-prevencion-en-los-municipios-de-villa-nueva-y-amatitlan\/","title":{"rendered":"Un D\u00eda con mi Comunidad: Fortalece la prevenci\u00f3n en los municipios de Villa Nueva y Amatitl\u00e1n"},"content":{"rendered":"\n<p>Como parte de las acciones del Plan <strong>\u201cYo Soy Prevenci\u00f3n\u201d<\/strong>, la Unidad para la Prevenci\u00f3n Comunitaria de la Violencia (UPCV), en colaboraci\u00f3n con la Subdirecci\u00f3n General de Prevenci\u00f3n del Delito (SGPD), llev\u00f3 a cabo la actividad <strong>\u201cUn D\u00eda con mi Comunidad\u201d<\/strong> en los municipios de Villa Nueva y Amatitl\u00e1n, espec\u00edficamente en la zona de La Ca\u00f1ada. Este evento se realiz\u00f3 con el objetivo de promover la prevenci\u00f3n de la violencia y sensibilizar a la poblaci\u00f3n sobre las diversas rutas de denuncia y los recursos disponibles para su apoyo.<\/p>\n\n\n\n<figure class=\"wp-block-image size-large\"><img fetchpriority=\"high\" decoding=\"async\" width=\"1024\" height=\"576\" src=\"https:\/\/upcv.gob.gt\/inicio\/wp-content\/uploads\/2026\/04\/2-1-1-1024x576.jpeg\" alt=\"\" class=\"wp-image-6658\" srcset=\"https:\/\/upcv.gob.gt\/inicio\/wp-content\/uploads\/2026\/04\/2-1-1-1024x576.jpeg 1024w, https:\/\/upcv.gob.gt\/inicio\/wp-content\/uploads\/2026\/04\/2-1-1-300x169.jpeg 300w, https:\/\/upcv.gob.gt\/inicio\/wp-content\/uploads\/2026\/04\/2-1-1-768x432.jpeg 768w, https:\/\/upcv.gob.gt\/inicio\/wp-content\/uploads\/2026\/04\/2-1-1.jpeg 1144w\" sizes=\"(max-width: 1024px) 100vw, 1024px\" \/><\/figure>\n\n\n\n<p>Durante la jornada, los asistentes pudieron participar en actividades l\u00fadicas y recreativas, dise\u00f1adas para fomentar la convivencia pac\u00edfica y el respeto mutuo. Adem\u00e1s, se habilitaron stands informativos donde distintas instituciones ofrecieron informaci\u00f3n relevante sobre temas de seguridad, derechos humanos y acceso a la justicia.<\/p>\n\n\n\n<!DOCTYPE html>\n<html lang=\"es\">\n<head>\n    <meta charset=\"UTF-8\">\n    <title>Galer\u00eda Moderna<\/title>\n    <style>\n        body {\n            margin: 0;\n            font-family: Arial, sans-serif;\n            background: #fff; \/* Fondo blanco *\/\n            color: #000;      \/* Texto negro *\/\n        }\n\n        \/* Contenedor *\/\n        .gallery-container {\n            max-width: 1200px;\n            margin: auto;\n            padding: 20px;\n        }\n\n        \/* Imagen principal *\/\n        .main-image {\n            width: 100%;\n            height: 500px;\n            overflow: hidden;\n            border-radius: 15px;\n            box-shadow: 0 10px 30px rgba(0,0,0,0.2); \/* sombra m\u00e1s suave *\/\n        }\n\n        .main-image img {\n            width: 100%;\n            height: 100%;\n            object-fit: cover;\n            transition: transform 0.3s ease;\n        }\n\n        .main-image img:hover {\n            transform: scale(1.02);\n        }\n\n        \/* Miniaturas *\/\n        .thumbnails {\n            display: flex;\n            gap: 10px;\n            margin-top: 15px;\n            overflow-x: auto;\n            padding-bottom: 10px;\n        }\n\n        .thumbnails img {\n            width: 120px;\n            height: 80px;\n            object-fit: cover;\n            border-radius: 10px;\n            cursor: pointer;\n            opacity: 0.6;\n            transition: opacity 0.3s, transform 0.3s;\n        }\n\n        .thumbnails img:hover,\n        .thumbnails img.active {\n            opacity: 1;\n            transform: scale(1.05);\n            border: 2px solid #000; \/* borde negro para contraste *\/\n        }\n\n        \/* Responsive *\/\n        @media (max-width: 768px) {\n            .main-image {\n                height: 250px;\n            }\n\n            .thumbnails img {\n                width: 90px;\n                height: 60px;\n            }\n        }\n    <\/style>\n<\/head>\n<body>\n\n<div class=\"gallery-container\">\n    \n    <!-- Imagen principal -->\n    <div class=\"main-image\">\n        <img decoding=\"async\" id=\"mainImg\" src=\"https:\/\/upcv.gob.gt\/inicio\/wp-content\/uploads\/2026\/04\/5-1.jpeg\">\n    <\/div>\n\n    <!-- Miniaturas -->\n    <div class=\"thumbnails\">\n        <img decoding=\"async\" src=\"https:\/\/upcv.gob.gt\/inicio\/wp-content\/uploads\/2026\/04\/3.jpeg\"  onclick=\"changeImage(this)\">\n        <img decoding=\"async\" src=\"https:\/\/upcv.gob.gt\/inicio\/wp-content\/uploads\/2026\/04\/7-1-4.jpeg\"  onclick=\"changeImage(this)\">\n        <img decoding=\"async\" src=\"https:\/\/upcv.gob.gt\/inicio\/wp-content\/uploads\/2026\/04\/6.jpeg\"  onclick=\"changeImage(this)\">\n        <img decoding=\"async\" src=\"https:\/\/upcv.gob.gt\/inicio\/wp-content\/uploads\/2026\/04\/4-1-1.jpeg\"  onclick=\"changeImage(this)\">\n    <\/div>\n\n<\/div>\n\n<script>\n    function changeImage(element) {\n        const mainImg = document.getElementById(\"mainImg\");\n        mainImg.src = element.src;\n\n        \/\/ Quitar la clase activa de todas las miniaturas\n        const thumbnails = document.querySelectorAll(\".thumbnails img\");\n        thumbnails.forEach(img => img.classList.remove(\"active\"));\n\n        \/\/ Agregar la clase activa a la miniatura seleccionada\n        element.classList.add(\"active\");\n    }\n<\/script>\n\n<\/body>\n<\/html>\n\n\n\n<p>Entre las instituciones que apoyaron esta actividad destacan la Procuradur\u00eda de los Derechos Humanos (PDH), la Polic\u00eda Municipal de Tr\u00e1nsito (PMT), la Polic\u00eda de Turismo, la Universidad de San Carlos (USAC), la Autoridad para el Manejo Sustentable de la Cuenca del Lago de Amatitl\u00e1n (AMSA), la Direcci\u00f3n Municipal de la Mujer (DMM) y el Ministerio P\u00fablico (MP), quienes brindaron apoyo en la difusi\u00f3n de recursos y servicios disponibles para la comunidad.<\/p>\n\n\n\n<p>Esta iniciativa reafirma el compromiso institucional de fortalecer las redes de apoyo y colaboraci\u00f3n para construir comunidades m\u00e1s seguras, trabajando en conjunto con las autoridades y organizaciones que luchan por el bienestar de la ciudadan\u00eda.<\/p>\n\n\n<div class=\"wp-block-image\">\n<figure class=\"aligncenter size-large is-resized\"><img decoding=\"async\" width=\"1024\" height=\"417\" src=\"https:\/\/upcv.gob.gt\/inicio\/wp-content\/uploads\/2026\/04\/yosoyprevencion-2026-01-2-1-1024x417.png\" alt=\"\" class=\"wp-image-6667\" style=\"aspect-ratio:2.4549955699171315;width:334px;height:auto\" srcset=\"https:\/\/upcv.gob.gt\/inicio\/wp-content\/uploads\/2026\/04\/yosoyprevencion-2026-01-2-1-1024x417.png 1024w, https:\/\/upcv.gob.gt\/inicio\/wp-content\/uploads\/2026\/04\/yosoyprevencion-2026-01-2-1-300x122.png 300w, https:\/\/upcv.gob.gt\/inicio\/wp-content\/uploads\/2026\/04\/yosoyprevencion-2026-01-2-1-768x313.png 768w, https:\/\/upcv.gob.gt\/inicio\/wp-content\/uploads\/2026\/04\/yosoyprevencion-2026-01-2-1-1536x626.png 1536w, https:\/\/upcv.gob.gt\/inicio\/wp-content\/uploads\/2026\/04\/yosoyprevencion-2026-01-2-1-2048x834.png 2048w\" sizes=\"(max-width: 1024px) 100vw, 1024px\" \/><\/figure>\n<\/div><div class=\"pvc_clear\"><\/div><p id=\"pvc_stats_6656\" class=\"pvc_stats all  \" data-element-id=\"6656\" style=\"\"><i class=\"pvc-stats-icon medium\" aria-hidden=\"true\"><svg aria-hidden=\"true\" focusable=\"false\" data-prefix=\"far\" data-icon=\"chart-bar\" role=\"img\" xmlns=\"http:\/\/www.w3.org\/2000\/svg\" viewBox=\"0 0 512 512\" class=\"svg-inline--fa fa-chart-bar fa-w-16 fa-2x\"><path fill=\"currentColor\" d=\"M396.8 352h22.4c6.4 0 12.8-6.4 12.8-12.8V108.8c0-6.4-6.4-12.8-12.8-12.8h-22.4c-6.4 0-12.8 6.4-12.8 12.8v230.4c0 6.4 6.4 12.8 12.8 12.8zm-192 0h22.4c6.4 0 12.8-6.4 12.8-12.8V140.8c0-6.4-6.4-12.8-12.8-12.8h-22.4c-6.4 0-12.8 6.4-12.8 12.8v198.4c0 6.4 6.4 12.8 12.8 12.8zm96 0h22.4c6.4 0 12.8-6.4 12.8-12.8V204.8c0-6.4-6.4-12.8-12.8-12.8h-22.4c-6.4 0-12.8 6.4-12.8 12.8v134.4c0 6.4 6.4 12.8 12.8 12.8zM496 400H48V80c0-8.84-7.16-16-16-16H16C7.16 64 0 71.16 0 80v336c0 17.67 14.33 32 32 32h464c8.84 0 16-7.16 16-16v-16c0-8.84-7.16-16-16-16zm-387.2-48h22.4c6.4 0 12.8-6.4 12.8-12.8v-70.4c0-6.4-6.4-12.8-12.8-12.8h-22.4c-6.4 0-12.8 6.4-12.8 12.8v70.4c0 6.4 6.4 12.8 12.8 12.8z\" class=\"\"><\/path><\/svg><\/i> <img decoding=\"async\" width=\"16\" height=\"16\" alt=\"Loading\" src=\"https:\/\/upcv.gob.gt\/inicio\/wp-content\/plugins\/page-views-count\/ajax-loader-2x.gif\" border=0 \/><\/p><div class=\"pvc_clear\"><\/div>","protected":false},"excerpt":{"rendered":"<p>Como parte de las acciones del Plan \u201cYo Soy Prevenci\u00f3n\u201d, la Unidad para la Prevenci\u00f3n Comunitaria de la Violencia (UPCV), en colaboraci\u00f3n con la Subdirecci\u00f3n General de Prevenci\u00f3n del Delito (SGPD), llev\u00f3 a cabo la actividad \u201cUn D\u00eda con mi Comunidad\u201d en los municipios de Villa Nueva y Amatitl\u00e1n, espec\u00edficamente en la zona de La [&hellip;]<\/p>\n<div class=\"pvc_clear\"><\/div>\n<p id=\"pvc_stats_6656\" class=\"pvc_stats all  \" data-element-id=\"6656\" style=\"\"><i class=\"pvc-stats-icon medium\" aria-hidden=\"true\"><svg aria-hidden=\"true\" focusable=\"false\" data-prefix=\"far\" data-icon=\"chart-bar\" role=\"img\" xmlns=\"http:\/\/www.w3.org\/2000\/svg\" viewBox=\"0 0 512 512\" class=\"svg-inline--fa fa-chart-bar fa-w-16 fa-2x\"><path fill=\"currentColor\" d=\"M396.8 352h22.4c6.4 0 12.8-6.4 12.8-12.8V108.8c0-6.4-6.4-12.8-12.8-12.8h-22.4c-6.4 0-12.8 6.4-12.8 12.8v230.4c0 6.4 6.4 12.8 12.8 12.8zm-192 0h22.4c6.4 0 12.8-6.4 12.8-12.8V140.8c0-6.4-6.4-12.8-12.8-12.8h-22.4c-6.4 0-12.8 6.4-12.8 12.8v198.4c0 6.4 6.4 12.8 12.8 12.8zm96 0h22.4c6.4 0 12.8-6.4 12.8-12.8V204.8c0-6.4-6.4-12.8-12.8-12.8h-22.4c-6.4 0-12.8 6.4-12.8 12.8v134.4c0 6.4 6.4 12.8 12.8 12.8zM496 400H48V80c0-8.84-7.16-16-16-16H16C7.16 64 0 71.16 0 80v336c0 17.67 14.33 32 32 32h464c8.84 0 16-7.16 16-16v-16c0-8.84-7.16-16-16-16zm-387.2-48h22.4c6.4 0 12.8-6.4 12.8-12.8v-70.4c0-6.4-6.4-12.8-12.8-12.8h-22.4c-6.4 0-12.8 6.4-12.8 12.8v70.4c0 6.4 6.4 12.8 12.8 12.8z\" class=\"\"><\/path><\/svg><\/i> <img decoding=\"async\" width=\"16\" height=\"16\" alt=\"Loading\" src=\"https:\/\/upcv.gob.gt\/inicio\/wp-content\/plugins\/page-views-count\/ajax-loader-2x.gif\" border=0 \/><\/p>\n<div class=\"pvc_clear\"><\/div>\n","protected":false},"author":2,"featured_media":6657,"comment_status":"closed","ping_status":"closed","sticky":false,"template":"","format":"standard","meta":{"footnotes":""},"categories":[4],"tags":[],"class_list":["post-6656","post","type-post","status-publish","format-standard","has-post-thumbnail","hentry","category-noticias"],"a3_pvc":{"activated":true,"total_views":3,"today_views":3},"_links":{"self":[{"href":"https:\/\/upcv.gob.gt\/inicio\/wp-json\/wp\/v2\/posts\/6656","targetHints":{"allow":["GET"]}}],"collection":[{"href":"https:\/\/upcv.gob.gt\/inicio\/wp-json\/wp\/v2\/posts"}],"about":[{"href":"https:\/\/upcv.gob.gt\/inicio\/wp-json\/wp\/v2\/types\/post"}],"author":[{"embeddable":true,"href":"https:\/\/upcv.gob.gt\/inicio\/wp-json\/wp\/v2\/users\/2"}],"replies":[{"embeddable":true,"href":"https:\/\/upcv.gob.gt\/inicio\/wp-json\/wp\/v2\/comments?post=6656"}],"version-history":[{"count":1,"href":"https:\/\/upcv.gob.gt\/inicio\/wp-json\/wp\/v2\/posts\/6656\/revisions"}],"predecessor-version":[{"id":6668,"href":"https:\/\/upcv.gob.gt\/inicio\/wp-json\/wp\/v2\/posts\/6656\/revisions\/6668"}],"wp:featuredmedia":[{"embeddable":true,"href":"https:\/\/upcv.gob.gt\/inicio\/wp-json\/wp\/v2\/media\/6657"}],"wp:attachment":[{"href":"https:\/\/upcv.gob.gt\/inicio\/wp-json\/wp\/v2\/media?parent=6656"}],"wp:term":[{"taxonomy":"category","embeddable":true,"href":"https:\/\/upcv.gob.gt\/inicio\/wp-json\/wp\/v2\/categories?post=6656"},{"taxonomy":"post_tag","embeddable":true,"href":"https:\/\/upcv.gob.gt\/inicio\/wp-json\/wp\/v2\/tags?post=6656"}],"curies":[{"name":"wp","href":"https:\/\/api.w.org\/{rel}","templated":true}]}}