{"id":6640,"date":"2026-04-27T14:45:14","date_gmt":"2026-04-27T20:45:14","guid":{"rendered":"https:\/\/upcv.gob.gt\/inicio\/?p=6640"},"modified":"2026-04-28T15:46:52","modified_gmt":"2026-04-28T21:46:52","slug":"xelaju-promueve-la-prevencion-de-la-violencia-en-el-festival-entre-petalos","status":"publish","type":"post","link":"https:\/\/upcv.gob.gt\/inicio\/2026\/04\/27\/xelaju-promueve-la-prevencion-de-la-violencia-en-el-festival-entre-petalos\/","title":{"rendered":"Xelaj\u00fa promueve la prevenci\u00f3n de la violencia en el Festival \u201cEntre P\u00e9talos\u201d"},"content":{"rendered":"\n<p>Destacada jornada de sensibilizaci\u00f3n y prevenci\u00f3n realiz\u00f3 el Tercer Viceministerio de Gobernaci\u00f3n, a trav\u00e9s de la Unidad para la Prevenci\u00f3n Comunitaria de la Violencia (UPCV) y la Subdirecci\u00f3n General de Prevenci\u00f3n del Delito (SGPD), participando activamente en la primera edici\u00f3n del <strong>Festival Entre P\u00e9talos,<\/strong> realizado en la ciudad de Quetzaltenango.<\/p>\n\n\n\n<p>Este evento, lleno de color, cultura y mensajes preventivos, se convirti\u00f3 en un espacio ideal para promover la convivencia ciudadana, fortalecer los lazos comunitarios y, sobre todo, concienciar sobre la importancia de crear un entorno seguro para todas las personas.<\/p>\n\n\n\n<p>Durante el evento, la UPCV despleg\u00f3 una unidad de perifoneo que recorri\u00f3 las principales calles de la ciudad, difundiendo mensajes clave para erradicar la violencia contra la mujer y la violencia intrafamiliar. Estos mensajes, directos y claros, pusieron en primer plano la necesidad de actuar en conjunto para proteger a las mujeres y las familias guatemaltecas, promoviendo el respeto y la igualdad de derechos.<\/p>\n\n\n\n<!DOCTYPE html>\n<html lang=\"es\">\n<head>\n<meta charset=\"UTF-8\">\n<title>Galer\u00eda Moderna<\/title>\n\n<style>\nbody {\n    margin: 0;\n    font-family: Arial, sans-serif;\n    background: #fff;\n}\n\n.gallery-container {\n    max-width: 1200px;\n    margin: auto;\n    padding: 20px;\n}\n\n\/* \ud83d\udd25 CONTENEDOR SIN ALTURA FIJA *\/\n.main-image {\n    width: 100%;\n    border-radius: 15px;\n    overflow: hidden;\n    box-shadow: 0 10px 30px rgba(0,0,0,0.2);\n    background: #000;\n}\n\n\/* \ud83d\udd25 IMAGEN SIN FORZAR TAMA\u00d1O *\/\n.main-image img {\n    width: 100%;\n    height: auto; \/* CLAVE *\/\n    display: block;\n}\n\n\/* Miniaturas *\/\n.thumbnails {\n    display: flex;\n    gap: 10px;\n    margin-top: 15px;\n    overflow-x: auto;\n}\n\n.thumbnails img {\n    width: 120px;\n    height: 80px;\n    object-fit: cover;\n    border-radius: 10px;\n    cursor: pointer;\n    opacity: 0.6;\n    transition: 0.3s;\n    border: 2px solid transparent;\n    flex-shrink: 0;\n}\n\n.thumbnails img:hover,\n.thumbnails img.active {\n    opacity: 1;\n    transform: scale(1.05);\n    border: 2px solid #000;\n}\n\n\/* Responsive *\/\n@media (max-width: 768px) {\n    .thumbnails img {\n        width: 90px;\n        height: 60px;\n    }\n}\n<\/style>\n<\/head>\n\n<body>\n\n<div class=\"gallery-container\">\n\n    <div class=\"main-image\">\n        <img decoding=\"async\" id=\"mainImg\" src=\"https:\/\/upcv.gob.gt\/inicio\/wp-content\/uploads\/2026\/04\/3-13-2.jpg\">\n    <\/div>\n\n    <div class=\"thumbnails\">\n        <img decoding=\"async\" class=\"active\" src=\"https:\/\/upcv.gob.gt\/inicio\/wp-content\/uploads\/2026\/04\/3-13-2.jpg\" onclick=\"changeImage(this)\">\n        <img decoding=\"async\" src=\"https:\/\/upcv.gob.gt\/inicio\/wp-content\/uploads\/2026\/04\/4-11-2.jpg\" onclick=\"changeImage(this)\">\n        <img decoding=\"async\" src=\"https:\/\/upcv.gob.gt\/inicio\/wp-content\/uploads\/2026\/04\/5-7-2.jpg\" onclick=\"changeImage(this)\">\n        <img decoding=\"async\" src=\"https:\/\/upcv.gob.gt\/inicio\/wp-content\/uploads\/2026\/04\/6-4.jpg\" onclick=\"changeImage(this)\">\n        <img decoding=\"async\" src=\"https:\/\/upcv.gob.gt\/inicio\/wp-content\/uploads\/2026\/04\/7-4.jpg\" onclick=\"changeImage(this)\">\n    <\/div>\n\n<\/div>\n\n<script>\nfunction changeImage(element) {\n    const mainImg = document.getElementById(\"mainImg\");\n\n    mainImg.style.opacity = 0;\n\n    setTimeout(() => {\n        mainImg.src = element.src;\n        mainImg.style.opacity = 1;\n    }, 150);\n\n    document.querySelectorAll(\".thumbnails img\")\n        .forEach(img => img.classList.remove(\"active\"));\n\n    element.classList.add(\"active\");\n}\n<\/script>\n\n<\/body>\n<\/html>\n\n\n\n<p>La UPCV tambi\u00e9n particip\u00f3 en el desfile principal del festival, un momento clave para reforzar los valores de respeto, unidad y paz en la comunidad. A lo largo de esta actividad, los asistentes fueron testigos de un mensaje claro y firme: la importancia de construir un entorno libre de violencia.<\/p>\n\n\n<div class=\"wp-block-image\">\n<figure class=\"aligncenter size-large is-resized\"><img fetchpriority=\"high\" decoding=\"async\" width=\"1024\" height=\"819\" src=\"https:\/\/upcv.gob.gt\/inicio\/wp-content\/uploads\/2026\/04\/9-1-2-1024x819.jpg\" alt=\"\" class=\"wp-image-6652\" style=\"width:691px;height:auto\" srcset=\"https:\/\/upcv.gob.gt\/inicio\/wp-content\/uploads\/2026\/04\/9-1-2-1024x819.jpg 1024w, https:\/\/upcv.gob.gt\/inicio\/wp-content\/uploads\/2026\/04\/9-1-2-300x240.jpg 300w, https:\/\/upcv.gob.gt\/inicio\/wp-content\/uploads\/2026\/04\/9-1-2-768x614.jpg 768w, https:\/\/upcv.gob.gt\/inicio\/wp-content\/uploads\/2026\/04\/9-1-2.jpg 1200w\" sizes=\"(max-width: 1024px) 100vw, 1024px\" \/><\/figure>\n<\/div>\n\n<div class=\"wp-block-image\">\n<figure class=\"aligncenter size-full is-resized\"><img decoding=\"async\" width=\"900\" height=\"720\" src=\"https:\/\/upcv.gob.gt\/inicio\/wp-content\/uploads\/2026\/04\/10-2-1.jpg\" alt=\"\" class=\"wp-image-6653\" style=\"aspect-ratio:1.250006634291325;width:715px;height:auto\" srcset=\"https:\/\/upcv.gob.gt\/inicio\/wp-content\/uploads\/2026\/04\/10-2-1.jpg 900w, https:\/\/upcv.gob.gt\/inicio\/wp-content\/uploads\/2026\/04\/10-2-1-300x240.jpg 300w, https:\/\/upcv.gob.gt\/inicio\/wp-content\/uploads\/2026\/04\/10-2-1-768x614.jpg 768w\" sizes=\"(max-width: 900px) 100vw, 900px\" \/><\/figure>\n<\/div>\n\n\n<p>Adem\u00e1s de las actividades de perifoneo y el desfile, se distribuyeron materiales informativos y se ofrecieron charlas breves de c\u00f3mo identificar las se\u00f1ales de abuso, c\u00f3mo actuar ante una situaci\u00f3n de violencia y denunciar al 110 de la Polic\u00eda Nacional Civil. Estas acciones fueron clave para empoderar a la ciudadan\u00eda, proporcionando herramientas pr\u00e1cticas que facilitan su participaci\u00f3n activa en la construcci\u00f3n de comunidades m\u00e1s seguras.<\/p>\n\n\n\n<p>Con estas iniciativas, el Tercer Viceministerio de Gobernaci\u00f3n reafirma su compromiso con la prevenci\u00f3n de la violencia y con la creaci\u00f3n de un entorno seguro para todos los guatemaltecos, resaltando la importancia de la participaci\u00f3n de la ciudadan\u00eda en estos esfuerzos.<\/p>\n\n\n<div class=\"wp-block-image\">\n<figure class=\"aligncenter size-large is-resized\"><img decoding=\"async\" width=\"1024\" height=\"768\" src=\"https:\/\/upcv.gob.gt\/inicio\/wp-content\/uploads\/2026\/04\/8-4-1-1024x768.jpg\" alt=\"\" class=\"wp-image-6654\" style=\"width:603px;height:auto\" srcset=\"https:\/\/upcv.gob.gt\/inicio\/wp-content\/uploads\/2026\/04\/8-4-1-1024x768.jpg 1024w, https:\/\/upcv.gob.gt\/inicio\/wp-content\/uploads\/2026\/04\/8-4-1-300x225.jpg 300w, https:\/\/upcv.gob.gt\/inicio\/wp-content\/uploads\/2026\/04\/8-4-1-768x576.jpg 768w, https:\/\/upcv.gob.gt\/inicio\/wp-content\/uploads\/2026\/04\/8-4-1-1536x1152.jpg 1536w, https:\/\/upcv.gob.gt\/inicio\/wp-content\/uploads\/2026\/04\/8-4-1.jpg 1600w\" sizes=\"(max-width: 1024px) 100vw, 1024px\" \/><\/figure>\n<\/div><div class=\"pvc_clear\"><\/div><p id=\"pvc_stats_6640\" class=\"pvc_stats all  \" data-element-id=\"6640\" style=\"\"><i class=\"pvc-stats-icon medium\" aria-hidden=\"true\"><svg aria-hidden=\"true\" focusable=\"false\" data-prefix=\"far\" data-icon=\"chart-bar\" role=\"img\" xmlns=\"http:\/\/www.w3.org\/2000\/svg\" viewBox=\"0 0 512 512\" class=\"svg-inline--fa fa-chart-bar fa-w-16 fa-2x\"><path fill=\"currentColor\" d=\"M396.8 352h22.4c6.4 0 12.8-6.4 12.8-12.8V108.8c0-6.4-6.4-12.8-12.8-12.8h-22.4c-6.4 0-12.8 6.4-12.8 12.8v230.4c0 6.4 6.4 12.8 12.8 12.8zm-192 0h22.4c6.4 0 12.8-6.4 12.8-12.8V140.8c0-6.4-6.4-12.8-12.8-12.8h-22.4c-6.4 0-12.8 6.4-12.8 12.8v198.4c0 6.4 6.4 12.8 12.8 12.8zm96 0h22.4c6.4 0 12.8-6.4 12.8-12.8V204.8c0-6.4-6.4-12.8-12.8-12.8h-22.4c-6.4 0-12.8 6.4-12.8 12.8v134.4c0 6.4 6.4 12.8 12.8 12.8zM496 400H48V80c0-8.84-7.16-16-16-16H16C7.16 64 0 71.16 0 80v336c0 17.67 14.33 32 32 32h464c8.84 0 16-7.16 16-16v-16c0-8.84-7.16-16-16-16zm-387.2-48h22.4c6.4 0 12.8-6.4 12.8-12.8v-70.4c0-6.4-6.4-12.8-12.8-12.8h-22.4c-6.4 0-12.8 6.4-12.8 12.8v70.4c0 6.4 6.4 12.8 12.8 12.8z\" class=\"\"><\/path><\/svg><\/i> <img loading=\"lazy\" decoding=\"async\" width=\"16\" height=\"16\" alt=\"Loading\" src=\"https:\/\/upcv.gob.gt\/inicio\/wp-content\/plugins\/page-views-count\/ajax-loader-2x.gif\" border=0 \/><\/p><div class=\"pvc_clear\"><\/div>","protected":false},"excerpt":{"rendered":"<p>Destacada jornada de sensibilizaci\u00f3n y prevenci\u00f3n realiz\u00f3 el Tercer Viceministerio de Gobernaci\u00f3n, a trav\u00e9s de la Unidad para la Prevenci\u00f3n Comunitaria de la Violencia (UPCV) y la Subdirecci\u00f3n General de Prevenci\u00f3n del Delito (SGPD), participando activamente en la primera edici\u00f3n del Festival Entre P\u00e9talos, realizado en la ciudad de Quetzaltenango. Este evento, lleno de color, [&hellip;]<\/p>\n<div class=\"pvc_clear\"><\/div>\n<p id=\"pvc_stats_6640\" class=\"pvc_stats all  \" data-element-id=\"6640\" style=\"\"><i class=\"pvc-stats-icon medium\" aria-hidden=\"true\"><svg aria-hidden=\"true\" focusable=\"false\" data-prefix=\"far\" data-icon=\"chart-bar\" role=\"img\" xmlns=\"http:\/\/www.w3.org\/2000\/svg\" viewBox=\"0 0 512 512\" class=\"svg-inline--fa fa-chart-bar fa-w-16 fa-2x\"><path fill=\"currentColor\" d=\"M396.8 352h22.4c6.4 0 12.8-6.4 12.8-12.8V108.8c0-6.4-6.4-12.8-12.8-12.8h-22.4c-6.4 0-12.8 6.4-12.8 12.8v230.4c0 6.4 6.4 12.8 12.8 12.8zm-192 0h22.4c6.4 0 12.8-6.4 12.8-12.8V140.8c0-6.4-6.4-12.8-12.8-12.8h-22.4c-6.4 0-12.8 6.4-12.8 12.8v198.4c0 6.4 6.4 12.8 12.8 12.8zm96 0h22.4c6.4 0 12.8-6.4 12.8-12.8V204.8c0-6.4-6.4-12.8-12.8-12.8h-22.4c-6.4 0-12.8 6.4-12.8 12.8v134.4c0 6.4 6.4 12.8 12.8 12.8zM496 400H48V80c0-8.84-7.16-16-16-16H16C7.16 64 0 71.16 0 80v336c0 17.67 14.33 32 32 32h464c8.84 0 16-7.16 16-16v-16c0-8.84-7.16-16-16-16zm-387.2-48h22.4c6.4 0 12.8-6.4 12.8-12.8v-70.4c0-6.4-6.4-12.8-12.8-12.8h-22.4c-6.4 0-12.8 6.4-12.8 12.8v70.4c0 6.4 6.4 12.8 12.8 12.8z\" class=\"\"><\/path><\/svg><\/i> <img loading=\"lazy\" decoding=\"async\" width=\"16\" height=\"16\" alt=\"Loading\" src=\"https:\/\/upcv.gob.gt\/inicio\/wp-content\/plugins\/page-views-count\/ajax-loader-2x.gif\" border=0 \/><\/p>\n<div class=\"pvc_clear\"><\/div>\n","protected":false},"author":2,"featured_media":6641,"comment_status":"closed","ping_status":"closed","sticky":false,"template":"","format":"standard","meta":{"footnotes":""},"categories":[4],"tags":[],"class_list":["post-6640","post","type-post","status-publish","format-standard","has-post-thumbnail","hentry","category-noticias"],"a3_pvc":{"activated":true,"total_views":8,"today_views":0},"_links":{"self":[{"href":"https:\/\/upcv.gob.gt\/inicio\/wp-json\/wp\/v2\/posts\/6640","targetHints":{"allow":["GET"]}}],"collection":[{"href":"https:\/\/upcv.gob.gt\/inicio\/wp-json\/wp\/v2\/posts"}],"about":[{"href":"https:\/\/upcv.gob.gt\/inicio\/wp-json\/wp\/v2\/types\/post"}],"author":[{"embeddable":true,"href":"https:\/\/upcv.gob.gt\/inicio\/wp-json\/wp\/v2\/users\/2"}],"replies":[{"embeddable":true,"href":"https:\/\/upcv.gob.gt\/inicio\/wp-json\/wp\/v2\/comments?post=6640"}],"version-history":[{"count":4,"href":"https:\/\/upcv.gob.gt\/inicio\/wp-json\/wp\/v2\/posts\/6640\/revisions"}],"predecessor-version":[{"id":6675,"href":"https:\/\/upcv.gob.gt\/inicio\/wp-json\/wp\/v2\/posts\/6640\/revisions\/6675"}],"wp:featuredmedia":[{"embeddable":true,"href":"https:\/\/upcv.gob.gt\/inicio\/wp-json\/wp\/v2\/media\/6641"}],"wp:attachment":[{"href":"https:\/\/upcv.gob.gt\/inicio\/wp-json\/wp\/v2\/media?parent=6640"}],"wp:term":[{"taxonomy":"category","embeddable":true,"href":"https:\/\/upcv.gob.gt\/inicio\/wp-json\/wp\/v2\/categories?post=6640"},{"taxonomy":"post_tag","embeddable":true,"href":"https:\/\/upcv.gob.gt\/inicio\/wp-json\/wp\/v2\/tags?post=6640"}],"curies":[{"name":"wp","href":"https:\/\/api.w.org\/{rel}","templated":true}]}}