{"id":6580,"date":"2026-04-23T13:54:36","date_gmt":"2026-04-23T19:54:36","guid":{"rendered":"https:\/\/upcv.gob.gt\/inicio\/?p=6580"},"modified":"2026-04-23T14:03:20","modified_gmt":"2026-04-23T20:03:20","slug":"unidad-movil-de-perifoneo-lleva-mensajes-deprevencion-de-la-violencia-contra-la-mujer-a-diferentes-departamentos","status":"publish","type":"post","link":"https:\/\/upcv.gob.gt\/inicio\/2026\/04\/23\/unidad-movil-de-perifoneo-lleva-mensajes-deprevencion-de-la-violencia-contra-la-mujer-a-diferentes-departamentos\/","title":{"rendered":"Unidad m\u00f3vil de perifoneo lleva mensajes de prevenci\u00f3n de la violencia contra la mujer a diferentes departamentos"},"content":{"rendered":"\n<p>La unidad m\u00f3vil de perifoneo de la Unidad para la Prevenci\u00f3n Comunitaria de la Violencia (UPCV) contin\u00faa fortaleciendo su labor territorial al recorrer diversos sectores del pa\u00eds, incluyendo Zacapa, Escuintla, Iztapa, Santa Luc\u00eda Cotzumalguapa, Huehuetenango, San Marcos, Tejutla, Sipacapa, Sumpango, Sacatep\u00e9quez, Esquipulas Palo Gordo Centro, as\u00ed como las aldeas Ojo de Agua, Villa Hermosa, Tanil, San Bartolom\u00e9 Becerra, Antigua Guatemala,Canill\u00e1, Quich\u00e9 y otras localidades.<\/p>\n\n\n\n<p>Durante estas jornadas, se compartieron mensajes clave orientados a la prevenci\u00f3n de la violencia contra la mujer y la violencia intrafamiliar, promoviendo una convivencia pac\u00edfica y el respeto mutuo en las comunidades. A trav\u00e9s de rutas programadas y la entrega de material informativo, la UPCV proporciona el acceso a informaci\u00f3n relevante para la poblaci\u00f3n en todo el territorio nacional.<\/p>\n\n\n\n<!DOCTYPE html>\n<html lang=\"es\">\n<head>\n    <meta charset=\"UTF-8\">\n    <title>Galer\u00eda Moderna<\/title>\n    <style>\n        body {\n            margin: 0;\n            font-family: Arial, sans-serif;\n            background: #fff; \/* Fondo blanco *\/\n            color: #000;      \/* Texto negro *\/\n        }\n\n        \/* Contenedor *\/\n        .gallery-container {\n            max-width: 1200px;\n            margin: auto;\n            padding: 20px;\n        }\n\n        \/* Imagen principal *\/\n        .main-image {\n            width: 100%;\n            height: 500px;\n            overflow: hidden;\n            border-radius: 15px;\n            box-shadow: 0 10px 30px rgba(0,0,0,0.2); \/* sombra m\u00e1s suave *\/\n        }\n\n        .main-image img {\n            width: 100%;\n            height: 100%;\n            object-fit: cover;\n            transition: transform 0.3s ease;\n        }\n\n        .main-image img:hover {\n            transform: scale(1.02);\n        }\n\n        \/* Miniaturas *\/\n        .thumbnails {\n            display: flex;\n            gap: 10px;\n            margin-top: 15px;\n            overflow-x: auto;\n            padding-bottom: 10px;\n        }\n\n        .thumbnails img {\n            width: 120px;\n            height: 80px;\n            object-fit: cover;\n            border-radius: 10px;\n            cursor: pointer;\n            opacity: 0.6;\n            transition: opacity 0.3s, transform 0.3s;\n        }\n\n        .thumbnails img:hover,\n        .thumbnails img.active {\n            opacity: 1;\n            transform: scale(1.05);\n            border: 2px solid #000; \/* borde negro para contraste *\/\n        }\n\n        \/* Responsive *\/\n        @media (max-width: 768px) {\n            .main-image {\n                height: 250px;\n            }\n\n            .thumbnails img {\n                width: 90px;\n                height: 60px;\n            }\n        }\n    <\/style>\n<\/head>\n<body>\n\n<div class=\"gallery-container\">\n    \n    <!-- Imagen principal -->\n    <div class=\"main-image\">\n        <img decoding=\"async\" id=\"mainImg\" src=\"https:\/\/upcv.gob.gt\/inicio\/wp-content\/uploads\/2026\/04\/San-marcos-portada.jpeg\">\n    <\/div>\n\n    <!-- Miniaturas -->\n    <div class=\"thumbnails\">\n        <img decoding=\"async\" src=\"https:\/\/upcv.gob.gt\/inicio\/wp-content\/uploads\/2026\/04\/Aldea-Coyuta-Escuintla.jpg\"  onclick=\"changeImage(this)\">\n        <img decoding=\"async\" src=\"https:\/\/upcv.gob.gt\/inicio\/wp-content\/uploads\/2026\/04\/1.jpeg\"  onclick=\"changeImage(this)\">\n        <img decoding=\"async\" src=\"https:\/\/upcv.gob.gt\/inicio\/wp-content\/uploads\/2026\/04\/Iztapa.jpg\"  onclick=\"changeImage(this)\">\n        <img decoding=\"async\" src=\"https:\/\/upcv.gob.gt\/inicio\/wp-content\/uploads\/2026\/04\/Esquipulas.jpeg\"  onclick=\"changeImage(this)\">\n    <\/div>\n\n<\/div>\n\n<script>\n    function changeImage(element) {\n        const mainImg = document.getElementById(\"mainImg\");\n        mainImg.src = element.src;\n\n        \/\/ Quitar la clase activa de todas las miniaturas\n        const thumbnails = document.querySelectorAll(\".thumbnails img\");\n        thumbnails.forEach(img => img.classList.remove(\"active\"));\n\n        \/\/ Agregar la clase activa a la miniatura seleccionada\n        element.classList.add(\"active\");\n    }\n<\/script>\n\n<\/body>\n<\/html>\n\n\n\n<p>Estas acciones reafirman el compromiso institucional con la protecci\u00f3n y el bienestar de las mujeres, con el prop\u00f3sito de sensibilizar a la poblaci\u00f3n, fomentar la cultura de la denuncia y brindar herramientas de autocuidado que contribuyan a reducir riesgos y fortalecer la seguridad personal.<\/p>\n\n\n<div class=\"wp-block-image\">\n<figure class=\"aligncenter size-full\"><img fetchpriority=\"high\" decoding=\"async\" width=\"960\" height=\"768\" src=\"https:\/\/upcv.gob.gt\/inicio\/wp-content\/uploads\/2026\/04\/Violencia-contra-la-mujer.jpeg\" alt=\"\" class=\"wp-image-6589\" style=\"aspect-ratio:1.250006634291325\" srcset=\"https:\/\/upcv.gob.gt\/inicio\/wp-content\/uploads\/2026\/04\/Violencia-contra-la-mujer.jpeg 960w, https:\/\/upcv.gob.gt\/inicio\/wp-content\/uploads\/2026\/04\/Violencia-contra-la-mujer-300x240.jpeg 300w, https:\/\/upcv.gob.gt\/inicio\/wp-content\/uploads\/2026\/04\/Violencia-contra-la-mujer-768x614.jpeg 768w\" sizes=\"(max-width: 960px) 100vw, 960px\" \/><\/figure>\n<\/div>\n\n\n<p>Asimismo, se contin\u00faa trabajando para garantizar el respeto de los derechos de las mujeres y promover una vida digna, libre de violencia, mediante esfuerzos coordinados con actores locales y comunitarios.<\/p>\n\n\n\n<p><br>Con estas iniciativas, la UPCV avanza en la construcci\u00f3n de comunidades m\u00e1s seguras, informadas y comprometidas con la prevenci\u00f3n de la violencia contra la mujer, consolidando una cultura de convivencia pac\u00edfica que beneficia a la ciudadan\u00eda.<\/p>\n\n\n<div class=\"wp-block-image\">\n<figure class=\"aligncenter size-large is-resized\"><img decoding=\"async\" width=\"1024\" height=\"417\" src=\"https:\/\/upcv.gob.gt\/inicio\/wp-content\/uploads\/2026\/04\/yosoyprevencion-2026-01-1-2-1024x417.png\" alt=\"\" class=\"wp-image-6582\" style=\"aspect-ratio:2.4549955699171315;width:295px;height:auto\" srcset=\"https:\/\/upcv.gob.gt\/inicio\/wp-content\/uploads\/2026\/04\/yosoyprevencion-2026-01-1-2-1024x417.png 1024w, https:\/\/upcv.gob.gt\/inicio\/wp-content\/uploads\/2026\/04\/yosoyprevencion-2026-01-1-2-300x122.png 300w, https:\/\/upcv.gob.gt\/inicio\/wp-content\/uploads\/2026\/04\/yosoyprevencion-2026-01-1-2-768x313.png 768w, https:\/\/upcv.gob.gt\/inicio\/wp-content\/uploads\/2026\/04\/yosoyprevencion-2026-01-1-2-1536x626.png 1536w, https:\/\/upcv.gob.gt\/inicio\/wp-content\/uploads\/2026\/04\/yosoyprevencion-2026-01-1-2-2048x834.png 2048w\" sizes=\"(max-width: 1024px) 100vw, 1024px\" \/><\/figure>\n<\/div>\n\n\n<p><\/p>\n<div class=\"pvc_clear\"><\/div><p id=\"pvc_stats_6580\" class=\"pvc_stats all  \" data-element-id=\"6580\" style=\"\"><i class=\"pvc-stats-icon medium\" aria-hidden=\"true\"><svg aria-hidden=\"true\" focusable=\"false\" data-prefix=\"far\" data-icon=\"chart-bar\" role=\"img\" xmlns=\"http:\/\/www.w3.org\/2000\/svg\" viewBox=\"0 0 512 512\" class=\"svg-inline--fa fa-chart-bar fa-w-16 fa-2x\"><path fill=\"currentColor\" d=\"M396.8 352h22.4c6.4 0 12.8-6.4 12.8-12.8V108.8c0-6.4-6.4-12.8-12.8-12.8h-22.4c-6.4 0-12.8 6.4-12.8 12.8v230.4c0 6.4 6.4 12.8 12.8 12.8zm-192 0h22.4c6.4 0 12.8-6.4 12.8-12.8V140.8c0-6.4-6.4-12.8-12.8-12.8h-22.4c-6.4 0-12.8 6.4-12.8 12.8v198.4c0 6.4 6.4 12.8 12.8 12.8zm96 0h22.4c6.4 0 12.8-6.4 12.8-12.8V204.8c0-6.4-6.4-12.8-12.8-12.8h-22.4c-6.4 0-12.8 6.4-12.8 12.8v134.4c0 6.4 6.4 12.8 12.8 12.8zM496 400H48V80c0-8.84-7.16-16-16-16H16C7.16 64 0 71.16 0 80v336c0 17.67 14.33 32 32 32h464c8.84 0 16-7.16 16-16v-16c0-8.84-7.16-16-16-16zm-387.2-48h22.4c6.4 0 12.8-6.4 12.8-12.8v-70.4c0-6.4-6.4-12.8-12.8-12.8h-22.4c-6.4 0-12.8 6.4-12.8 12.8v70.4c0 6.4 6.4 12.8 12.8 12.8z\" class=\"\"><\/path><\/svg><\/i> <img decoding=\"async\" width=\"16\" height=\"16\" alt=\"Loading\" src=\"https:\/\/upcv.gob.gt\/inicio\/wp-content\/plugins\/page-views-count\/ajax-loader-2x.gif\" border=0 \/><\/p><div class=\"pvc_clear\"><\/div>","protected":false},"excerpt":{"rendered":"<p>La unidad m\u00f3vil de perifoneo de la Unidad para la Prevenci\u00f3n Comunitaria de la Violencia (UPCV) contin\u00faa fortaleciendo su labor territorial al recorrer diversos sectores del pa\u00eds, incluyendo Zacapa, Escuintla, Iztapa, Santa Luc\u00eda Cotzumalguapa, Huehuetenango, San Marcos, Tejutla, Sipacapa, Sumpango, Sacatep\u00e9quez, Esquipulas Palo Gordo Centro, as\u00ed como las aldeas Ojo de Agua, Villa Hermosa, Tanil, [&hellip;]<\/p>\n<div class=\"pvc_clear\"><\/div>\n<p id=\"pvc_stats_6580\" class=\"pvc_stats all  \" data-element-id=\"6580\" style=\"\"><i class=\"pvc-stats-icon medium\" aria-hidden=\"true\"><svg aria-hidden=\"true\" focusable=\"false\" data-prefix=\"far\" data-icon=\"chart-bar\" role=\"img\" xmlns=\"http:\/\/www.w3.org\/2000\/svg\" viewBox=\"0 0 512 512\" class=\"svg-inline--fa fa-chart-bar fa-w-16 fa-2x\"><path fill=\"currentColor\" d=\"M396.8 352h22.4c6.4 0 12.8-6.4 12.8-12.8V108.8c0-6.4-6.4-12.8-12.8-12.8h-22.4c-6.4 0-12.8 6.4-12.8 12.8v230.4c0 6.4 6.4 12.8 12.8 12.8zm-192 0h22.4c6.4 0 12.8-6.4 12.8-12.8V140.8c0-6.4-6.4-12.8-12.8-12.8h-22.4c-6.4 0-12.8 6.4-12.8 12.8v198.4c0 6.4 6.4 12.8 12.8 12.8zm96 0h22.4c6.4 0 12.8-6.4 12.8-12.8V204.8c0-6.4-6.4-12.8-12.8-12.8h-22.4c-6.4 0-12.8 6.4-12.8 12.8v134.4c0 6.4 6.4 12.8 12.8 12.8zM496 400H48V80c0-8.84-7.16-16-16-16H16C7.16 64 0 71.16 0 80v336c0 17.67 14.33 32 32 32h464c8.84 0 16-7.16 16-16v-16c0-8.84-7.16-16-16-16zm-387.2-48h22.4c6.4 0 12.8-6.4 12.8-12.8v-70.4c0-6.4-6.4-12.8-12.8-12.8h-22.4c-6.4 0-12.8 6.4-12.8 12.8v70.4c0 6.4 6.4 12.8 12.8 12.8z\" class=\"\"><\/path><\/svg><\/i> <img decoding=\"async\" width=\"16\" height=\"16\" alt=\"Loading\" src=\"https:\/\/upcv.gob.gt\/inicio\/wp-content\/plugins\/page-views-count\/ajax-loader-2x.gif\" border=0 \/><\/p>\n<div class=\"pvc_clear\"><\/div>\n","protected":false},"author":2,"featured_media":6583,"comment_status":"closed","ping_status":"closed","sticky":false,"template":"","format":"standard","meta":{"footnotes":""},"categories":[4],"tags":[],"class_list":["post-6580","post","type-post","status-publish","format-standard","has-post-thumbnail","hentry","category-noticias"],"a3_pvc":{"activated":true,"total_views":6,"today_views":0},"_links":{"self":[{"href":"https:\/\/upcv.gob.gt\/inicio\/wp-json\/wp\/v2\/posts\/6580","targetHints":{"allow":["GET"]}}],"collection":[{"href":"https:\/\/upcv.gob.gt\/inicio\/wp-json\/wp\/v2\/posts"}],"about":[{"href":"https:\/\/upcv.gob.gt\/inicio\/wp-json\/wp\/v2\/types\/post"}],"author":[{"embeddable":true,"href":"https:\/\/upcv.gob.gt\/inicio\/wp-json\/wp\/v2\/users\/2"}],"replies":[{"embeddable":true,"href":"https:\/\/upcv.gob.gt\/inicio\/wp-json\/wp\/v2\/comments?post=6580"}],"version-history":[{"count":3,"href":"https:\/\/upcv.gob.gt\/inicio\/wp-json\/wp\/v2\/posts\/6580\/revisions"}],"predecessor-version":[{"id":6594,"href":"https:\/\/upcv.gob.gt\/inicio\/wp-json\/wp\/v2\/posts\/6580\/revisions\/6594"}],"wp:featuredmedia":[{"embeddable":true,"href":"https:\/\/upcv.gob.gt\/inicio\/wp-json\/wp\/v2\/media\/6583"}],"wp:attachment":[{"href":"https:\/\/upcv.gob.gt\/inicio\/wp-json\/wp\/v2\/media?parent=6580"}],"wp:term":[{"taxonomy":"category","embeddable":true,"href":"https:\/\/upcv.gob.gt\/inicio\/wp-json\/wp\/v2\/categories?post=6580"},{"taxonomy":"post_tag","embeddable":true,"href":"https:\/\/upcv.gob.gt\/inicio\/wp-json\/wp\/v2\/tags?post=6580"}],"curies":[{"name":"wp","href":"https:\/\/api.w.org\/{rel}","templated":true}]}}