{"id":6007,"date":"2026-03-04T14:19:26","date_gmt":"2026-03-04T20:19:26","guid":{"rendered":"https:\/\/upcv.gob.gt\/inicio\/?p=6007"},"modified":"2026-03-06T14:19:58","modified_gmt":"2026-03-06T20:19:58","slug":"murales-juveniles-fortalecen-la-cultura-de-prevencion-de-la-violencia-en-chiquimula","status":"publish","type":"post","link":"https:\/\/upcv.gob.gt\/inicio\/2026\/03\/04\/murales-juveniles-fortalecen-la-cultura-de-prevencion-de-la-violencia-en-chiquimula\/","title":{"rendered":"Murales juveniles fortalecen la cultura de prevenci\u00f3n de la violencia en Chiquimula"},"content":{"rendered":"\n<p>El municipio de San Jos\u00e9 la Arada, Chiquimula, fue escenario de la elaboraci\u00f3n de tres murales ganadores del certamen \u201cYO SOY PREVENCI\u00d3N\u201d, una iniciativa orientada a promover la cultura de paz y la seguridad ciudadana a trav\u00e9s del arte juvenil.<\/p>\n\n\n\n<p>Durante cinco d\u00edas, 22 estudiantes del Instituto B\u00e1sico por Cooperativa San Jos\u00e9 la Arada participaron activamente en la creaci\u00f3n de obras que transmiten mensajes de convivencia pac\u00edfica, denuncia responsable y prevenci\u00f3n de la violencia. Los murales, ahora visibles para toda la comunidad, se convierten en recordatorios permanentes del compromiso de la juventud con una vida libre de violencia.<\/p>\n\n\n\n<figure class=\"wp-block-image size-large\"><img fetchpriority=\"high\" decoding=\"async\" width=\"1024\" height=\"576\" src=\"https:\/\/upcv.gob.gt\/inicio\/wp-content\/uploads\/2026\/03\/2-1-1024x576.jpg\" alt=\"\" class=\"wp-image-6009\" srcset=\"https:\/\/upcv.gob.gt\/inicio\/wp-content\/uploads\/2026\/03\/2-1-1024x576.jpg 1024w, https:\/\/upcv.gob.gt\/inicio\/wp-content\/uploads\/2026\/03\/2-1-300x169.jpg 300w, https:\/\/upcv.gob.gt\/inicio\/wp-content\/uploads\/2026\/03\/2-1-768x432.jpg 768w, https:\/\/upcv.gob.gt\/inicio\/wp-content\/uploads\/2026\/03\/2-1.jpg 1249w\" sizes=\"(max-width: 1024px) 100vw, 1024px\" \/><\/figure>\n\n\n\n<p>La actividad no solo contempl\u00f3 la ejecuci\u00f3n art\u00edstica, sino tambi\u00e9n un componente formativo. Los participantes recibieron orientaci\u00f3n t\u00e9cnica para el desarrollo de sus propuestas visuales, fortaleciendo sus habilidades creativas y t\u00e9cnicas.<\/p>\n\n\n\n<figure class=\"wp-block-image size-large\"><img decoding=\"async\" width=\"1024\" height=\"768\" src=\"https:\/\/upcv.gob.gt\/inicio\/wp-content\/uploads\/2026\/03\/3-2-1024x768.jpg\" alt=\"\" class=\"wp-image-6011\" srcset=\"https:\/\/upcv.gob.gt\/inicio\/wp-content\/uploads\/2026\/03\/3-2-1024x768.jpg 1024w, https:\/\/upcv.gob.gt\/inicio\/wp-content\/uploads\/2026\/03\/3-2-300x225.jpg 300w, https:\/\/upcv.gob.gt\/inicio\/wp-content\/uploads\/2026\/03\/3-2-768x576.jpg 768w, https:\/\/upcv.gob.gt\/inicio\/wp-content\/uploads\/2026\/03\/3-2.jpg 1280w\" sizes=\"(max-width: 1024px) 100vw, 1024px\" \/><\/figure>\n\n\n\n<p>Adem\u00e1s, representantes de las instituciones participantes compartieron informaci\u00f3n clave sobre el rol que desempe\u00f1an en la protecci\u00f3n de la ni\u00f1ez y adolescencia. Como parte fundamental de la jornada, se socializaron las rutas de denuncia, brindando a los j\u00f3venes informaci\u00f3n clara sobre c\u00f3mo y d\u00f3nde acudir ante situaciones de riesgo.<\/p>\n\n\n\n<p>A trav\u00e9s del arte y la educaci\u00f3n integral, se sigue avanzando en la consolidaci\u00f3n de comunidades m\u00e1s conscientes, participativas y comprometidas con el desarrollo del Departamento de Chiquimula.<\/p>\n\n\n\n<figure class=\"wp-block-image size-large\"><img decoding=\"async\" width=\"1024\" height=\"768\" src=\"https:\/\/upcv.gob.gt\/inicio\/wp-content\/uploads\/2026\/03\/4-1024x768.jpeg\" alt=\"\" class=\"wp-image-6010\" srcset=\"https:\/\/upcv.gob.gt\/inicio\/wp-content\/uploads\/2026\/03\/4-1024x768.jpeg 1024w, https:\/\/upcv.gob.gt\/inicio\/wp-content\/uploads\/2026\/03\/4-300x225.jpeg 300w, https:\/\/upcv.gob.gt\/inicio\/wp-content\/uploads\/2026\/03\/4-768x576.jpeg 768w, https:\/\/upcv.gob.gt\/inicio\/wp-content\/uploads\/2026\/03\/4.jpeg 1280w\" sizes=\"(max-width: 1024px) 100vw, 1024px\" \/><\/figure>\n\n\n\n<p>Esta iniciativa fue posible gracias al trabajo coordinado entre la Unidad para la Prevenci\u00f3n Comunitaria de la Violencia (UPCV), la Municipalidad de San Jos\u00e9 la Arada, y el Instituto B\u00e1sico por Cooperativa San Jos\u00e9 la Arada, quienes reafirmaron su compromiso de generar oportunidades de participaci\u00f3n juvenil orientadas al fortalecimiento del tejido social.<\/p>\n\n\n\n<p><strong>YoSoyPrevenci\u00f3n<\/strong><\/p>\n\n\n\n<p><\/p>\n<div class=\"pvc_clear\"><\/div><p id=\"pvc_stats_6007\" class=\"pvc_stats all  \" data-element-id=\"6007\" style=\"\"><i class=\"pvc-stats-icon medium\" aria-hidden=\"true\"><svg aria-hidden=\"true\" focusable=\"false\" data-prefix=\"far\" data-icon=\"chart-bar\" role=\"img\" xmlns=\"http:\/\/www.w3.org\/2000\/svg\" viewBox=\"0 0 512 512\" class=\"svg-inline--fa fa-chart-bar fa-w-16 fa-2x\"><path fill=\"currentColor\" d=\"M396.8 352h22.4c6.4 0 12.8-6.4 12.8-12.8V108.8c0-6.4-6.4-12.8-12.8-12.8h-22.4c-6.4 0-12.8 6.4-12.8 12.8v230.4c0 6.4 6.4 12.8 12.8 12.8zm-192 0h22.4c6.4 0 12.8-6.4 12.8-12.8V140.8c0-6.4-6.4-12.8-12.8-12.8h-22.4c-6.4 0-12.8 6.4-12.8 12.8v198.4c0 6.4 6.4 12.8 12.8 12.8zm96 0h22.4c6.4 0 12.8-6.4 12.8-12.8V204.8c0-6.4-6.4-12.8-12.8-12.8h-22.4c-6.4 0-12.8 6.4-12.8 12.8v134.4c0 6.4 6.4 12.8 12.8 12.8zM496 400H48V80c0-8.84-7.16-16-16-16H16C7.16 64 0 71.16 0 80v336c0 17.67 14.33 32 32 32h464c8.84 0 16-7.16 16-16v-16c0-8.84-7.16-16-16-16zm-387.2-48h22.4c6.4 0 12.8-6.4 12.8-12.8v-70.4c0-6.4-6.4-12.8-12.8-12.8h-22.4c-6.4 0-12.8 6.4-12.8 12.8v70.4c0 6.4 6.4 12.8 12.8 12.8z\" class=\"\"><\/path><\/svg><\/i> <img loading=\"lazy\" decoding=\"async\" width=\"16\" height=\"16\" alt=\"Loading\" src=\"https:\/\/upcv.gob.gt\/inicio\/wp-content\/plugins\/page-views-count\/ajax-loader-2x.gif\" border=0 \/><\/p><div class=\"pvc_clear\"><\/div>","protected":false},"excerpt":{"rendered":"<p>El municipio de San Jos\u00e9 la Arada, Chiquimula, fue escenario de la elaboraci\u00f3n de tres murales ganadores del certamen \u201cYO SOY PREVENCI\u00d3N\u201d, una iniciativa orientada a promover la cultura de paz y la seguridad ciudadana a trav\u00e9s del arte juvenil. Durante cinco d\u00edas, 22 estudiantes del Instituto B\u00e1sico por Cooperativa San Jos\u00e9 la Arada participaron [&hellip;]<\/p>\n<div class=\"pvc_clear\"><\/div>\n<p id=\"pvc_stats_6007\" class=\"pvc_stats all  \" data-element-id=\"6007\" style=\"\"><i class=\"pvc-stats-icon medium\" aria-hidden=\"true\"><svg aria-hidden=\"true\" focusable=\"false\" data-prefix=\"far\" data-icon=\"chart-bar\" role=\"img\" xmlns=\"http:\/\/www.w3.org\/2000\/svg\" viewBox=\"0 0 512 512\" class=\"svg-inline--fa fa-chart-bar fa-w-16 fa-2x\"><path fill=\"currentColor\" d=\"M396.8 352h22.4c6.4 0 12.8-6.4 12.8-12.8V108.8c0-6.4-6.4-12.8-12.8-12.8h-22.4c-6.4 0-12.8 6.4-12.8 12.8v230.4c0 6.4 6.4 12.8 12.8 12.8zm-192 0h22.4c6.4 0 12.8-6.4 12.8-12.8V140.8c0-6.4-6.4-12.8-12.8-12.8h-22.4c-6.4 0-12.8 6.4-12.8 12.8v198.4c0 6.4 6.4 12.8 12.8 12.8zm96 0h22.4c6.4 0 12.8-6.4 12.8-12.8V204.8c0-6.4-6.4-12.8-12.8-12.8h-22.4c-6.4 0-12.8 6.4-12.8 12.8v134.4c0 6.4 6.4 12.8 12.8 12.8zM496 400H48V80c0-8.84-7.16-16-16-16H16C7.16 64 0 71.16 0 80v336c0 17.67 14.33 32 32 32h464c8.84 0 16-7.16 16-16v-16c0-8.84-7.16-16-16-16zm-387.2-48h22.4c6.4 0 12.8-6.4 12.8-12.8v-70.4c0-6.4-6.4-12.8-12.8-12.8h-22.4c-6.4 0-12.8 6.4-12.8 12.8v70.4c0 6.4 6.4 12.8 12.8 12.8z\" class=\"\"><\/path><\/svg><\/i> <img loading=\"lazy\" decoding=\"async\" width=\"16\" height=\"16\" alt=\"Loading\" src=\"https:\/\/upcv.gob.gt\/inicio\/wp-content\/plugins\/page-views-count\/ajax-loader-2x.gif\" border=0 \/><\/p>\n<div class=\"pvc_clear\"><\/div>\n","protected":false},"author":2,"featured_media":6008,"comment_status":"closed","ping_status":"closed","sticky":false,"template":"","format":"standard","meta":{"footnotes":""},"categories":[4],"tags":[],"class_list":["post-6007","post","type-post","status-publish","format-standard","has-post-thumbnail","hentry","category-noticias"],"a3_pvc":{"activated":true,"total_views":12,"today_views":0},"_links":{"self":[{"href":"https:\/\/upcv.gob.gt\/inicio\/wp-json\/wp\/v2\/posts\/6007","targetHints":{"allow":["GET"]}}],"collection":[{"href":"https:\/\/upcv.gob.gt\/inicio\/wp-json\/wp\/v2\/posts"}],"about":[{"href":"https:\/\/upcv.gob.gt\/inicio\/wp-json\/wp\/v2\/types\/post"}],"author":[{"embeddable":true,"href":"https:\/\/upcv.gob.gt\/inicio\/wp-json\/wp\/v2\/users\/2"}],"replies":[{"embeddable":true,"href":"https:\/\/upcv.gob.gt\/inicio\/wp-json\/wp\/v2\/comments?post=6007"}],"version-history":[{"count":1,"href":"https:\/\/upcv.gob.gt\/inicio\/wp-json\/wp\/v2\/posts\/6007\/revisions"}],"predecessor-version":[{"id":6012,"href":"https:\/\/upcv.gob.gt\/inicio\/wp-json\/wp\/v2\/posts\/6007\/revisions\/6012"}],"wp:featuredmedia":[{"embeddable":true,"href":"https:\/\/upcv.gob.gt\/inicio\/wp-json\/wp\/v2\/media\/6008"}],"wp:attachment":[{"href":"https:\/\/upcv.gob.gt\/inicio\/wp-json\/wp\/v2\/media?parent=6007"}],"wp:term":[{"taxonomy":"category","embeddable":true,"href":"https:\/\/upcv.gob.gt\/inicio\/wp-json\/wp\/v2\/categories?post=6007"},{"taxonomy":"post_tag","embeddable":true,"href":"https:\/\/upcv.gob.gt\/inicio\/wp-json\/wp\/v2\/tags?post=6007"}],"curies":[{"name":"wp","href":"https:\/\/api.w.org\/{rel}","templated":true}]}}