{"id":5168,"date":"2025-09-30T21:00:05","date_gmt":"2025-09-30T21:00:05","guid":{"rendered":"https:\/\/upcv.gob.gt\/inicio\/?p=5168"},"modified":"2025-09-30T21:00:57","modified_gmt":"2025-09-30T21:00:57","slug":"mural-artistico-de-jovenes-promueve-la-prevencion-de-la-violencia-en-santa-lucia-utatlan","status":"publish","type":"post","link":"https:\/\/upcv.gob.gt\/inicio\/2025\/09\/30\/mural-artistico-de-jovenes-promueve-la-prevencion-de-la-violencia-en-santa-lucia-utatlan\/","title":{"rendered":"Mural art\u00edstico de j\u00f3venes promueve la prevenci\u00f3n de la violencia en Santa Luc\u00eda Utatl\u00e1n"},"content":{"rendered":"\n<p> Como parte del compromiso con la prevenci\u00f3n de la violencia y la promoci\u00f3n de la cultura de paz, la Unidad para la Prevenci\u00f3n Comunitaria de la Violencia, en coordinaci\u00f3n con la Municipalidad de Santa Luc\u00eda Utatl\u00e1n y C\u00e1ritas de Guatemala, impuls\u00f3 una jornada art\u00edstica y comunitaria durante el mes de septiembre.<\/p>\n\n\n\n<p>La actividad principal fue la creaci\u00f3n de un mural art\u00edstico en la pared del Estadio Municipal de Santa Luc\u00eda Utatl\u00e1n, con la participaci\u00f3n activa de m\u00e1s de 35 j\u00f3venes y 15 adultos de la localidad. Esta intervenci\u00f3n permiti\u00f3 recuperar un espacio p\u00fablico, al mismo tiempo que se foment\u00f3 la convivencia, el trabajo en equipo y la expresi\u00f3n art\u00edstica como herramienta de transformaci\u00f3n social.<\/p>\n\n\n\n<p><\/p>\n\n\n<div class=\"wp-block-image\">\n<figure class=\"aligncenter size-full\"><img fetchpriority=\"high\" decoding=\"async\" width=\"1024\" height=\"768\" src=\"https:\/\/upcv.gob.gt\/inicio\/wp-content\/uploads\/2025\/09\/2-7.jpg\" alt=\"\" class=\"wp-image-5170\" srcset=\"https:\/\/upcv.gob.gt\/inicio\/wp-content\/uploads\/2025\/09\/2-7.jpg 1024w, https:\/\/upcv.gob.gt\/inicio\/wp-content\/uploads\/2025\/09\/2-7-300x225.jpg 300w, https:\/\/upcv.gob.gt\/inicio\/wp-content\/uploads\/2025\/09\/2-7-768x576.jpg 768w\" sizes=\"(max-width: 1024px) 100vw, 1024px\" \/><\/figure>\n<\/div>\n\n\n<p><\/p>\n\n\n\n<p>Adem\u00e1s de embellecer el entorno urbano, esta iniciativa fortaleci\u00f3 la colaboraci\u00f3n interinstitucional y comunitaria, promoviendo valores como la participaci\u00f3n ciudadana, la inclusi\u00f3n y el sentido de pertenencia.<\/p>\n\n\n\n<p><\/p>\n\n\n\n<figure class=\"wp-block-gallery aligncenter has-nested-images columns-default is-cropped wp-block-gallery-1 is-layout-flex wp-block-gallery-is-layout-flex\">\n<figure class=\"wp-block-image size-large\"><img decoding=\"async\" width=\"1024\" height=\"768\" data-id=\"5171\" src=\"https:\/\/upcv.gob.gt\/inicio\/wp-content\/uploads\/2025\/09\/5-5.jpg\" alt=\"\" class=\"wp-image-5171\" srcset=\"https:\/\/upcv.gob.gt\/inicio\/wp-content\/uploads\/2025\/09\/5-5.jpg 1024w, https:\/\/upcv.gob.gt\/inicio\/wp-content\/uploads\/2025\/09\/5-5-300x225.jpg 300w, https:\/\/upcv.gob.gt\/inicio\/wp-content\/uploads\/2025\/09\/5-5-768x576.jpg 768w\" sizes=\"(max-width: 1024px) 100vw, 1024px\" \/><\/figure>\n\n\n\n<figure class=\"wp-block-image size-large\"><img decoding=\"async\" width=\"1024\" height=\"768\" data-id=\"5172\" src=\"https:\/\/upcv.gob.gt\/inicio\/wp-content\/uploads\/2025\/09\/4-6.jpg\" alt=\"\" class=\"wp-image-5172\" srcset=\"https:\/\/upcv.gob.gt\/inicio\/wp-content\/uploads\/2025\/09\/4-6.jpg 1024w, https:\/\/upcv.gob.gt\/inicio\/wp-content\/uploads\/2025\/09\/4-6-300x225.jpg 300w, https:\/\/upcv.gob.gt\/inicio\/wp-content\/uploads\/2025\/09\/4-6-768x576.jpg 768w\" sizes=\"(max-width: 1024px) 100vw, 1024px\" \/><\/figure>\n<\/figure>\n\n\n\n<p class=\"has-text-align-center\">Con estas acciones, se reafirma el compromiso de construir comunidades m\u00e1s seguras, unidas y solidarias, donde el arte se convierte en un puente para el di\u00e1logo y la paz.<\/p>\n\n\n\n<p><\/p>\n<div class=\"pvc_clear\"><\/div><p id=\"pvc_stats_5168\" class=\"pvc_stats all  \" data-element-id=\"5168\" style=\"\"><i class=\"pvc-stats-icon medium\" aria-hidden=\"true\"><svg aria-hidden=\"true\" focusable=\"false\" data-prefix=\"far\" data-icon=\"chart-bar\" role=\"img\" xmlns=\"http:\/\/www.w3.org\/2000\/svg\" viewBox=\"0 0 512 512\" class=\"svg-inline--fa fa-chart-bar fa-w-16 fa-2x\"><path fill=\"currentColor\" d=\"M396.8 352h22.4c6.4 0 12.8-6.4 12.8-12.8V108.8c0-6.4-6.4-12.8-12.8-12.8h-22.4c-6.4 0-12.8 6.4-12.8 12.8v230.4c0 6.4 6.4 12.8 12.8 12.8zm-192 0h22.4c6.4 0 12.8-6.4 12.8-12.8V140.8c0-6.4-6.4-12.8-12.8-12.8h-22.4c-6.4 0-12.8 6.4-12.8 12.8v198.4c0 6.4 6.4 12.8 12.8 12.8zm96 0h22.4c6.4 0 12.8-6.4 12.8-12.8V204.8c0-6.4-6.4-12.8-12.8-12.8h-22.4c-6.4 0-12.8 6.4-12.8 12.8v134.4c0 6.4 6.4 12.8 12.8 12.8zM496 400H48V80c0-8.84-7.16-16-16-16H16C7.16 64 0 71.16 0 80v336c0 17.67 14.33 32 32 32h464c8.84 0 16-7.16 16-16v-16c0-8.84-7.16-16-16-16zm-387.2-48h22.4c6.4 0 12.8-6.4 12.8-12.8v-70.4c0-6.4-6.4-12.8-12.8-12.8h-22.4c-6.4 0-12.8 6.4-12.8 12.8v70.4c0 6.4 6.4 12.8 12.8 12.8z\" class=\"\"><\/path><\/svg><\/i> <img loading=\"lazy\" decoding=\"async\" width=\"16\" height=\"16\" alt=\"Loading\" src=\"https:\/\/upcv.gob.gt\/inicio\/wp-content\/plugins\/page-views-count\/ajax-loader-2x.gif\" border=0 \/><\/p><div class=\"pvc_clear\"><\/div>","protected":false},"excerpt":{"rendered":"<p>Como parte del compromiso con la prevenci\u00f3n de la violencia y la promoci\u00f3n de la cultura de paz, la Unidad para la Prevenci\u00f3n Comunitaria de la Violencia, en coordinaci\u00f3n con la Municipalidad de Santa Luc\u00eda Utatl\u00e1n y C\u00e1ritas de Guatemala, impuls\u00f3 una jornada art\u00edstica y comunitaria durante el mes de septiembre. La actividad principal fue [&hellip;]<\/p>\n<div class=\"pvc_clear\"><\/div>\n<p id=\"pvc_stats_5168\" class=\"pvc_stats all  \" data-element-id=\"5168\" style=\"\"><i class=\"pvc-stats-icon medium\" aria-hidden=\"true\"><svg aria-hidden=\"true\" focusable=\"false\" data-prefix=\"far\" data-icon=\"chart-bar\" role=\"img\" xmlns=\"http:\/\/www.w3.org\/2000\/svg\" viewBox=\"0 0 512 512\" class=\"svg-inline--fa fa-chart-bar fa-w-16 fa-2x\"><path fill=\"currentColor\" d=\"M396.8 352h22.4c6.4 0 12.8-6.4 12.8-12.8V108.8c0-6.4-6.4-12.8-12.8-12.8h-22.4c-6.4 0-12.8 6.4-12.8 12.8v230.4c0 6.4 6.4 12.8 12.8 12.8zm-192 0h22.4c6.4 0 12.8-6.4 12.8-12.8V140.8c0-6.4-6.4-12.8-12.8-12.8h-22.4c-6.4 0-12.8 6.4-12.8 12.8v198.4c0 6.4 6.4 12.8 12.8 12.8zm96 0h22.4c6.4 0 12.8-6.4 12.8-12.8V204.8c0-6.4-6.4-12.8-12.8-12.8h-22.4c-6.4 0-12.8 6.4-12.8 12.8v134.4c0 6.4 6.4 12.8 12.8 12.8zM496 400H48V80c0-8.84-7.16-16-16-16H16C7.16 64 0 71.16 0 80v336c0 17.67 14.33 32 32 32h464c8.84 0 16-7.16 16-16v-16c0-8.84-7.16-16-16-16zm-387.2-48h22.4c6.4 0 12.8-6.4 12.8-12.8v-70.4c0-6.4-6.4-12.8-12.8-12.8h-22.4c-6.4 0-12.8 6.4-12.8 12.8v70.4c0 6.4 6.4 12.8 12.8 12.8z\" class=\"\"><\/path><\/svg><\/i> <img loading=\"lazy\" decoding=\"async\" width=\"16\" height=\"16\" alt=\"Loading\" src=\"https:\/\/upcv.gob.gt\/inicio\/wp-content\/plugins\/page-views-count\/ajax-loader-2x.gif\" border=0 \/><\/p>\n<div class=\"pvc_clear\"><\/div>\n","protected":false},"author":2,"featured_media":5169,"comment_status":"closed","ping_status":"closed","sticky":false,"template":"","format":"standard","meta":{"footnotes":""},"categories":[4],"tags":[],"class_list":["post-5168","post","type-post","status-publish","format-standard","has-post-thumbnail","hentry","category-noticias"],"a3_pvc":{"activated":true,"total_views":41,"today_views":0},"_links":{"self":[{"href":"https:\/\/upcv.gob.gt\/inicio\/wp-json\/wp\/v2\/posts\/5168","targetHints":{"allow":["GET"]}}],"collection":[{"href":"https:\/\/upcv.gob.gt\/inicio\/wp-json\/wp\/v2\/posts"}],"about":[{"href":"https:\/\/upcv.gob.gt\/inicio\/wp-json\/wp\/v2\/types\/post"}],"author":[{"embeddable":true,"href":"https:\/\/upcv.gob.gt\/inicio\/wp-json\/wp\/v2\/users\/2"}],"replies":[{"embeddable":true,"href":"https:\/\/upcv.gob.gt\/inicio\/wp-json\/wp\/v2\/comments?post=5168"}],"version-history":[{"count":1,"href":"https:\/\/upcv.gob.gt\/inicio\/wp-json\/wp\/v2\/posts\/5168\/revisions"}],"predecessor-version":[{"id":5173,"href":"https:\/\/upcv.gob.gt\/inicio\/wp-json\/wp\/v2\/posts\/5168\/revisions\/5173"}],"wp:featuredmedia":[{"embeddable":true,"href":"https:\/\/upcv.gob.gt\/inicio\/wp-json\/wp\/v2\/media\/5169"}],"wp:attachment":[{"href":"https:\/\/upcv.gob.gt\/inicio\/wp-json\/wp\/v2\/media?parent=5168"}],"wp:term":[{"taxonomy":"category","embeddable":true,"href":"https:\/\/upcv.gob.gt\/inicio\/wp-json\/wp\/v2\/categories?post=5168"},{"taxonomy":"post_tag","embeddable":true,"href":"https:\/\/upcv.gob.gt\/inicio\/wp-json\/wp\/v2\/tags?post=5168"}],"curies":[{"name":"wp","href":"https:\/\/api.w.org\/{rel}","templated":true}]}}