{"id":5107,"date":"2025-09-16T21:15:01","date_gmt":"2025-09-16T21:15:01","guid":{"rendered":"https:\/\/upcv.gob.gt\/inicio\/?p=5107"},"modified":"2025-09-16T21:16:40","modified_gmt":"2025-09-16T21:16:40","slug":"arte-que-transforma-murales-comunitarios-dan-nueva-vida-a-la-colonia-maya","status":"publish","type":"post","link":"https:\/\/upcv.gob.gt\/inicio\/2025\/09\/16\/arte-que-transforma-murales-comunitarios-dan-nueva-vida-a-la-colonia-maya\/","title":{"rendered":"Arte que transforma: murales comunitarios dan nueva vida a la Colonia Maya"},"content":{"rendered":"\n<p>Del 9 al 12 de septiembre, en la Colonia Maya, zona 18, la Unidad Para la Prevenci\u00f3n Comunitaria de la Violencia (UPCV) impuls\u00f3 una inspiradora estrategia de participaci\u00f3n comunitaria y recuperaci\u00f3n de espacios p\u00fablicos, a trav\u00e9s de la creaci\u00f3n de murales art\u00edsticos que reflejan la identidad cultural de la comunidad.<\/p>\n\n\n\n<p><br>Esta iniciativa no solo revitaliz\u00f3 visualmente el entorno, sino que tambi\u00e9n gener\u00f3 espacios de encuentro y expresi\u00f3n para adolescentes y j\u00f3venes, quienes participaron activamente en el dise\u00f1o y pintura de los murales. Mediante el arte, se fortaleci\u00f3 el sentido de pertenencia, la convivencia pac\u00edfica.<\/p>\n\n\n\n<p><br>Los vecinos han recibido con entusiasmo esta intervenci\u00f3n art\u00edstica, que ya se ha convertido en un punto de encuentro y lugar predilecto para tomarse fotograf\u00edas con amigos y familiares. El \u00e1rea, antes desaprovechada, ahora es s\u00edmbolo de unidad y creatividad colectiva.<\/p>\n\n\n\n<p><\/p>\n\n\n\n<figure class=\"wp-block-gallery has-nested-images columns-default is-cropped wp-block-gallery-1 is-layout-flex wp-block-gallery-is-layout-flex\">\n<figure class=\"wp-block-image size-large\"><img fetchpriority=\"high\" decoding=\"async\" width=\"1151\" height=\"835\" data-id=\"5109\" src=\"https:\/\/upcv.gob.gt\/inicio\/wp-content\/uploads\/2025\/09\/3-1024x743.jpeg\" alt=\"\" class=\"wp-image-5109\" srcset=\"https:\/\/upcv.gob.gt\/inicio\/wp-content\/uploads\/2025\/09\/3-1024x743.jpeg 1024w, https:\/\/upcv.gob.gt\/inicio\/wp-content\/uploads\/2025\/09\/3-300x218.jpeg 300w, https:\/\/upcv.gob.gt\/inicio\/wp-content\/uploads\/2025\/09\/3-768x557.jpeg 768w, https:\/\/upcv.gob.gt\/inicio\/wp-content\/uploads\/2025\/09\/3-110x80.jpeg 110w, https:\/\/upcv.gob.gt\/inicio\/wp-content\/uploads\/2025\/09\/3.jpeg 1151w\" sizes=\"(max-width: 1151px) 100vw, 1151px\" \/><\/figure>\n\n\n\n<figure class=\"wp-block-image size-large\"><img decoding=\"async\" width=\"905\" height=\"835\" data-id=\"5110\" src=\"https:\/\/upcv.gob.gt\/inicio\/wp-content\/uploads\/2025\/09\/2.jpeg\" alt=\"\" class=\"wp-image-5110\" srcset=\"https:\/\/upcv.gob.gt\/inicio\/wp-content\/uploads\/2025\/09\/2.jpeg 905w, https:\/\/upcv.gob.gt\/inicio\/wp-content\/uploads\/2025\/09\/2-300x277.jpeg 300w, https:\/\/upcv.gob.gt\/inicio\/wp-content\/uploads\/2025\/09\/2-768x709.jpeg 768w\" sizes=\"(max-width: 905px) 100vw, 905px\" \/><\/figure>\n<\/figure>\n\n\n\n<p>Desde la UPCV reafirmamos nuestro compromiso con la promoci\u00f3n de entornos seguros, inclusivos y llenos de oportunidades, donde el arte y la participaci\u00f3n ciudadana son herramientas clave para la prevenci\u00f3n de la violencia y el fortalecimiento comunitario.<\/p>\n<div class=\"pvc_clear\"><\/div><p id=\"pvc_stats_5107\" class=\"pvc_stats all  \" data-element-id=\"5107\" style=\"\"><i class=\"pvc-stats-icon medium\" aria-hidden=\"true\"><svg aria-hidden=\"true\" focusable=\"false\" data-prefix=\"far\" data-icon=\"chart-bar\" role=\"img\" xmlns=\"http:\/\/www.w3.org\/2000\/svg\" viewBox=\"0 0 512 512\" class=\"svg-inline--fa fa-chart-bar fa-w-16 fa-2x\"><path fill=\"currentColor\" d=\"M396.8 352h22.4c6.4 0 12.8-6.4 12.8-12.8V108.8c0-6.4-6.4-12.8-12.8-12.8h-22.4c-6.4 0-12.8 6.4-12.8 12.8v230.4c0 6.4 6.4 12.8 12.8 12.8zm-192 0h22.4c6.4 0 12.8-6.4 12.8-12.8V140.8c0-6.4-6.4-12.8-12.8-12.8h-22.4c-6.4 0-12.8 6.4-12.8 12.8v198.4c0 6.4 6.4 12.8 12.8 12.8zm96 0h22.4c6.4 0 12.8-6.4 12.8-12.8V204.8c0-6.4-6.4-12.8-12.8-12.8h-22.4c-6.4 0-12.8 6.4-12.8 12.8v134.4c0 6.4 6.4 12.8 12.8 12.8zM496 400H48V80c0-8.84-7.16-16-16-16H16C7.16 64 0 71.16 0 80v336c0 17.67 14.33 32 32 32h464c8.84 0 16-7.16 16-16v-16c0-8.84-7.16-16-16-16zm-387.2-48h22.4c6.4 0 12.8-6.4 12.8-12.8v-70.4c0-6.4-6.4-12.8-12.8-12.8h-22.4c-6.4 0-12.8 6.4-12.8 12.8v70.4c0 6.4 6.4 12.8 12.8 12.8z\" class=\"\"><\/path><\/svg><\/i> <img decoding=\"async\" width=\"16\" height=\"16\" alt=\"Loading\" src=\"https:\/\/upcv.gob.gt\/inicio\/wp-content\/plugins\/page-views-count\/ajax-loader-2x.gif\" border=0 \/><\/p><div class=\"pvc_clear\"><\/div>","protected":false},"excerpt":{"rendered":"<p>Del 9 al 12 de septiembre, en la Colonia Maya, zona 18, la Unidad Para la Prevenci\u00f3n Comunitaria de la Violencia (UPCV) impuls\u00f3 una inspiradora estrategia de participaci\u00f3n comunitaria y recuperaci\u00f3n de espacios p\u00fablicos, a trav\u00e9s de la creaci\u00f3n de murales art\u00edsticos que reflejan la identidad cultural de la comunidad. Esta iniciativa no solo revitaliz\u00f3 [&hellip;]<\/p>\n<div class=\"pvc_clear\"><\/div>\n<p id=\"pvc_stats_5107\" class=\"pvc_stats all  \" data-element-id=\"5107\" style=\"\"><i class=\"pvc-stats-icon medium\" aria-hidden=\"true\"><svg aria-hidden=\"true\" focusable=\"false\" data-prefix=\"far\" data-icon=\"chart-bar\" role=\"img\" xmlns=\"http:\/\/www.w3.org\/2000\/svg\" viewBox=\"0 0 512 512\" class=\"svg-inline--fa fa-chart-bar fa-w-16 fa-2x\"><path fill=\"currentColor\" d=\"M396.8 352h22.4c6.4 0 12.8-6.4 12.8-12.8V108.8c0-6.4-6.4-12.8-12.8-12.8h-22.4c-6.4 0-12.8 6.4-12.8 12.8v230.4c0 6.4 6.4 12.8 12.8 12.8zm-192 0h22.4c6.4 0 12.8-6.4 12.8-12.8V140.8c0-6.4-6.4-12.8-12.8-12.8h-22.4c-6.4 0-12.8 6.4-12.8 12.8v198.4c0 6.4 6.4 12.8 12.8 12.8zm96 0h22.4c6.4 0 12.8-6.4 12.8-12.8V204.8c0-6.4-6.4-12.8-12.8-12.8h-22.4c-6.4 0-12.8 6.4-12.8 12.8v134.4c0 6.4 6.4 12.8 12.8 12.8zM496 400H48V80c0-8.84-7.16-16-16-16H16C7.16 64 0 71.16 0 80v336c0 17.67 14.33 32 32 32h464c8.84 0 16-7.16 16-16v-16c0-8.84-7.16-16-16-16zm-387.2-48h22.4c6.4 0 12.8-6.4 12.8-12.8v-70.4c0-6.4-6.4-12.8-12.8-12.8h-22.4c-6.4 0-12.8 6.4-12.8 12.8v70.4c0 6.4 6.4 12.8 12.8 12.8z\" class=\"\"><\/path><\/svg><\/i> <img decoding=\"async\" width=\"16\" height=\"16\" alt=\"Loading\" src=\"https:\/\/upcv.gob.gt\/inicio\/wp-content\/plugins\/page-views-count\/ajax-loader-2x.gif\" border=0 \/><\/p>\n<div class=\"pvc_clear\"><\/div>\n","protected":false},"author":2,"featured_media":5108,"comment_status":"closed","ping_status":"closed","sticky":false,"template":"","format":"standard","meta":{"footnotes":""},"categories":[4],"tags":[],"class_list":["post-5107","post","type-post","status-publish","format-standard","has-post-thumbnail","hentry","category-noticias"],"a3_pvc":{"activated":true,"total_views":47,"today_views":0},"_links":{"self":[{"href":"https:\/\/upcv.gob.gt\/inicio\/wp-json\/wp\/v2\/posts\/5107","targetHints":{"allow":["GET"]}}],"collection":[{"href":"https:\/\/upcv.gob.gt\/inicio\/wp-json\/wp\/v2\/posts"}],"about":[{"href":"https:\/\/upcv.gob.gt\/inicio\/wp-json\/wp\/v2\/types\/post"}],"author":[{"embeddable":true,"href":"https:\/\/upcv.gob.gt\/inicio\/wp-json\/wp\/v2\/users\/2"}],"replies":[{"embeddable":true,"href":"https:\/\/upcv.gob.gt\/inicio\/wp-json\/wp\/v2\/comments?post=5107"}],"version-history":[{"count":1,"href":"https:\/\/upcv.gob.gt\/inicio\/wp-json\/wp\/v2\/posts\/5107\/revisions"}],"predecessor-version":[{"id":5111,"href":"https:\/\/upcv.gob.gt\/inicio\/wp-json\/wp\/v2\/posts\/5107\/revisions\/5111"}],"wp:featuredmedia":[{"embeddable":true,"href":"https:\/\/upcv.gob.gt\/inicio\/wp-json\/wp\/v2\/media\/5108"}],"wp:attachment":[{"href":"https:\/\/upcv.gob.gt\/inicio\/wp-json\/wp\/v2\/media?parent=5107"}],"wp:term":[{"taxonomy":"category","embeddable":true,"href":"https:\/\/upcv.gob.gt\/inicio\/wp-json\/wp\/v2\/categories?post=5107"},{"taxonomy":"post_tag","embeddable":true,"href":"https:\/\/upcv.gob.gt\/inicio\/wp-json\/wp\/v2\/tags?post=5107"}],"curies":[{"name":"wp","href":"https:\/\/api.w.org\/{rel}","templated":true}]}}