{"id":4810,"date":"2025-07-14T20:55:16","date_gmt":"2025-07-14T20:55:16","guid":{"rendered":"https:\/\/upcv.gob.gt\/inicio\/?p=4810"},"modified":"2025-07-14T20:55:59","modified_gmt":"2025-07-14T20:55:59","slug":"que-lo-unico-que-trabaje-sea-su-imaginacion-promueve-entornos-libres-de-trabajo-infantil-en-chichicastenango","status":"publish","type":"post","link":"https:\/\/upcv.gob.gt\/inicio\/2025\/07\/14\/que-lo-unico-que-trabaje-sea-su-imaginacion-promueve-entornos-libres-de-trabajo-infantil-en-chichicastenango\/","title":{"rendered":"\u201cQue lo \u00danico que Trabaje sea su Imaginaci\u00f3n\u201d promueve entornos libres de trabajo infantil en Chichicastenango"},"content":{"rendered":"\n<p>Con el firme prop\u00f3sito de prevenir toda forma de trabajo infantil y visibilizar sus consecuencias en la ni\u00f1ez y adolescencia guatemalteca, la campa\u00f1a \u201cQue lo \u00danico que Trabaje sea su Imaginaci\u00f3n\u201d se desarroll\u00f3 en la Escuela Oficial Urbana Mixta Comunal Ind\u00edgena, en el municipio de Santo Tom\u00e1s Chichicastenango, departamento de Quich\u00e9.<\/p>\n\n\n\n<p class=\"has-text-align-left\"><br>Esta jornada educativa impuls\u00f3 la reflexi\u00f3n y el di\u00e1logo sobre la importancia de proteger los derechos de ni\u00f1as, ni\u00f1os y adolescentes, promoviendo su acceso a la educaci\u00f3n, al juego y a una vida libre de violencia. A trav\u00e9s de actividades l\u00fadicas, mensajes de sensibilizaci\u00f3n y participaci\u00f3n activa de la comunidad educativa, se fortaleci\u00f3 la conciencia colectiva sobre los riesgos del trabajo infantil.<\/p>\n\n\n\n<p class=\"has-text-align-center\"><\/p>\n\n\n<div class=\"wp-block-image\">\n<figure class=\"aligncenter size-large\"><img fetchpriority=\"high\" decoding=\"async\" width=\"1024\" height=\"579\" src=\"https:\/\/upcv.gob.gt\/inicio\/wp-content\/uploads\/2025\/07\/2-3-1024x579.jpg\" alt=\"\" class=\"wp-image-4812\" srcset=\"https:\/\/upcv.gob.gt\/inicio\/wp-content\/uploads\/2025\/07\/2-3-1024x579.jpg 1024w, https:\/\/upcv.gob.gt\/inicio\/wp-content\/uploads\/2025\/07\/2-3-300x170.jpg 300w, https:\/\/upcv.gob.gt\/inicio\/wp-content\/uploads\/2025\/07\/2-3-768x434.jpg 768w, https:\/\/upcv.gob.gt\/inicio\/wp-content\/uploads\/2025\/07\/2-3-1536x868.jpg 1536w, https:\/\/upcv.gob.gt\/inicio\/wp-content\/uploads\/2025\/07\/2-3-2048x1158.jpg 2048w\" sizes=\"(max-width: 1024px) 100vw, 1024px\" \/><\/figure>\n<\/div>\n\n\n<p>La actividad cont\u00f3 con la participaci\u00f3n del Gobernador Departamental de Quich\u00e9, Hern\u00e1n R\u00edos; el Alcalde Municipal de Santo Tom\u00e1s Chichicastenango, Jos\u00e9 Tiriquiz; el Lic. Jos\u00e9 Alberto Ord\u00f3\u00f1ez, jefe del Departamento de Organizaci\u00f3n para la Prevenci\u00f3n de la Violencia Juvenil de la UPCV; Alex Rodr\u00edguez, representante de CODEPETI del Ministerio de Trabajo y Previsi\u00f3n Social; Mart\u00edn Rodr\u00edguez, Delegado de Prevenci\u00f3n del Delito; y Carlos Tiriquiz, Coordinador de Educaci\u00f3n de Chichicastenango.<\/p>\n\n\n\n<p><\/p>\n\n\n\n<figure class=\"wp-block-gallery aligncenter has-nested-images columns-default is-cropped wp-block-gallery-1 is-layout-flex wp-block-gallery-is-layout-flex\">\n<figure class=\"wp-block-image size-large\"><img decoding=\"async\" width=\"1024\" height=\"575\" data-id=\"4815\" src=\"https:\/\/upcv.gob.gt\/inicio\/wp-content\/uploads\/2025\/07\/3-3-1-1024x575.jpg\" alt=\"\" class=\"wp-image-4815\" srcset=\"https:\/\/upcv.gob.gt\/inicio\/wp-content\/uploads\/2025\/07\/3-3-1-1024x575.jpg 1024w, https:\/\/upcv.gob.gt\/inicio\/wp-content\/uploads\/2025\/07\/3-3-1-300x169.jpg 300w, https:\/\/upcv.gob.gt\/inicio\/wp-content\/uploads\/2025\/07\/3-3-1-768x432.jpg 768w, https:\/\/upcv.gob.gt\/inicio\/wp-content\/uploads\/2025\/07\/3-3-1-1536x863.jpg 1536w, https:\/\/upcv.gob.gt\/inicio\/wp-content\/uploads\/2025\/07\/3-3-1-2048x1151.jpg 2048w\" sizes=\"(max-width: 1024px) 100vw, 1024px\" \/><\/figure>\n\n\n\n<figure class=\"wp-block-image size-large\"><img decoding=\"async\" width=\"1024\" height=\"675\" data-id=\"4816\" src=\"https:\/\/upcv.gob.gt\/inicio\/wp-content\/uploads\/2025\/07\/4-3-1-1024x675.jpg\" alt=\"\" class=\"wp-image-4816\" srcset=\"https:\/\/upcv.gob.gt\/inicio\/wp-content\/uploads\/2025\/07\/4-3-1-1024x675.jpg 1024w, https:\/\/upcv.gob.gt\/inicio\/wp-content\/uploads\/2025\/07\/4-3-1-300x198.jpg 300w, https:\/\/upcv.gob.gt\/inicio\/wp-content\/uploads\/2025\/07\/4-3-1-768x507.jpg 768w, https:\/\/upcv.gob.gt\/inicio\/wp-content\/uploads\/2025\/07\/4-3-1-1536x1013.jpg 1536w, https:\/\/upcv.gob.gt\/inicio\/wp-content\/uploads\/2025\/07\/4-3-1-2048x1351.jpg 2048w\" sizes=\"(max-width: 1024px) 100vw, 1024px\" \/><\/figure>\n<\/figure>\n\n\n\n<p>Desde la Unidad para la Prevenci\u00f3n Comunitaria de la Violencia (UPCV) del Ministerio de Gobernaci\u00f3n, reafirmamos nuestro compromiso de trabajar en conjunto con las comunidades, instituciones y autoridades locales para construir entornos seguros y libres de violencia para la ni\u00f1ez y adolescencia de Guatemala.<\/p>\n\n\n\n<p><\/p>\n<div class=\"pvc_clear\"><\/div><p id=\"pvc_stats_4810\" class=\"pvc_stats all  \" data-element-id=\"4810\" style=\"\"><i class=\"pvc-stats-icon medium\" aria-hidden=\"true\"><svg aria-hidden=\"true\" focusable=\"false\" data-prefix=\"far\" data-icon=\"chart-bar\" role=\"img\" xmlns=\"http:\/\/www.w3.org\/2000\/svg\" viewBox=\"0 0 512 512\" class=\"svg-inline--fa fa-chart-bar fa-w-16 fa-2x\"><path fill=\"currentColor\" d=\"M396.8 352h22.4c6.4 0 12.8-6.4 12.8-12.8V108.8c0-6.4-6.4-12.8-12.8-12.8h-22.4c-6.4 0-12.8 6.4-12.8 12.8v230.4c0 6.4 6.4 12.8 12.8 12.8zm-192 0h22.4c6.4 0 12.8-6.4 12.8-12.8V140.8c0-6.4-6.4-12.8-12.8-12.8h-22.4c-6.4 0-12.8 6.4-12.8 12.8v198.4c0 6.4 6.4 12.8 12.8 12.8zm96 0h22.4c6.4 0 12.8-6.4 12.8-12.8V204.8c0-6.4-6.4-12.8-12.8-12.8h-22.4c-6.4 0-12.8 6.4-12.8 12.8v134.4c0 6.4 6.4 12.8 12.8 12.8zM496 400H48V80c0-8.84-7.16-16-16-16H16C7.16 64 0 71.16 0 80v336c0 17.67 14.33 32 32 32h464c8.84 0 16-7.16 16-16v-16c0-8.84-7.16-16-16-16zm-387.2-48h22.4c6.4 0 12.8-6.4 12.8-12.8v-70.4c0-6.4-6.4-12.8-12.8-12.8h-22.4c-6.4 0-12.8 6.4-12.8 12.8v70.4c0 6.4 6.4 12.8 12.8 12.8z\" class=\"\"><\/path><\/svg><\/i> <img loading=\"lazy\" decoding=\"async\" width=\"16\" height=\"16\" alt=\"Loading\" src=\"https:\/\/upcv.gob.gt\/inicio\/wp-content\/plugins\/page-views-count\/ajax-loader-2x.gif\" border=0 \/><\/p><div class=\"pvc_clear\"><\/div>","protected":false},"excerpt":{"rendered":"<p>Con el firme prop\u00f3sito de prevenir toda forma de trabajo infantil y visibilizar sus consecuencias en la ni\u00f1ez y adolescencia guatemalteca, la campa\u00f1a \u201cQue lo \u00danico que Trabaje sea su Imaginaci\u00f3n\u201d se desarroll\u00f3 en la Escuela Oficial Urbana Mixta Comunal Ind\u00edgena, en el municipio de Santo Tom\u00e1s Chichicastenango, departamento de Quich\u00e9. Esta jornada educativa impuls\u00f3 [&hellip;]<\/p>\n<div class=\"pvc_clear\"><\/div>\n<p id=\"pvc_stats_4810\" class=\"pvc_stats all  \" data-element-id=\"4810\" style=\"\"><i class=\"pvc-stats-icon medium\" aria-hidden=\"true\"><svg aria-hidden=\"true\" focusable=\"false\" data-prefix=\"far\" data-icon=\"chart-bar\" role=\"img\" xmlns=\"http:\/\/www.w3.org\/2000\/svg\" viewBox=\"0 0 512 512\" class=\"svg-inline--fa fa-chart-bar fa-w-16 fa-2x\"><path fill=\"currentColor\" d=\"M396.8 352h22.4c6.4 0 12.8-6.4 12.8-12.8V108.8c0-6.4-6.4-12.8-12.8-12.8h-22.4c-6.4 0-12.8 6.4-12.8 12.8v230.4c0 6.4 6.4 12.8 12.8 12.8zm-192 0h22.4c6.4 0 12.8-6.4 12.8-12.8V140.8c0-6.4-6.4-12.8-12.8-12.8h-22.4c-6.4 0-12.8 6.4-12.8 12.8v198.4c0 6.4 6.4 12.8 12.8 12.8zm96 0h22.4c6.4 0 12.8-6.4 12.8-12.8V204.8c0-6.4-6.4-12.8-12.8-12.8h-22.4c-6.4 0-12.8 6.4-12.8 12.8v134.4c0 6.4 6.4 12.8 12.8 12.8zM496 400H48V80c0-8.84-7.16-16-16-16H16C7.16 64 0 71.16 0 80v336c0 17.67 14.33 32 32 32h464c8.84 0 16-7.16 16-16v-16c0-8.84-7.16-16-16-16zm-387.2-48h22.4c6.4 0 12.8-6.4 12.8-12.8v-70.4c0-6.4-6.4-12.8-12.8-12.8h-22.4c-6.4 0-12.8 6.4-12.8 12.8v70.4c0 6.4 6.4 12.8 12.8 12.8z\" class=\"\"><\/path><\/svg><\/i> <img loading=\"lazy\" decoding=\"async\" width=\"16\" height=\"16\" alt=\"Loading\" src=\"https:\/\/upcv.gob.gt\/inicio\/wp-content\/plugins\/page-views-count\/ajax-loader-2x.gif\" border=0 \/><\/p>\n<div class=\"pvc_clear\"><\/div>\n","protected":false},"author":2,"featured_media":4811,"comment_status":"closed","ping_status":"closed","sticky":false,"template":"","format":"standard","meta":{"footnotes":""},"categories":[4],"tags":[],"class_list":["post-4810","post","type-post","status-publish","format-standard","has-post-thumbnail","hentry","category-noticias"],"a3_pvc":{"activated":true,"total_views":70,"today_views":0},"_links":{"self":[{"href":"https:\/\/upcv.gob.gt\/inicio\/wp-json\/wp\/v2\/posts\/4810","targetHints":{"allow":["GET"]}}],"collection":[{"href":"https:\/\/upcv.gob.gt\/inicio\/wp-json\/wp\/v2\/posts"}],"about":[{"href":"https:\/\/upcv.gob.gt\/inicio\/wp-json\/wp\/v2\/types\/post"}],"author":[{"embeddable":true,"href":"https:\/\/upcv.gob.gt\/inicio\/wp-json\/wp\/v2\/users\/2"}],"replies":[{"embeddable":true,"href":"https:\/\/upcv.gob.gt\/inicio\/wp-json\/wp\/v2\/comments?post=4810"}],"version-history":[{"count":2,"href":"https:\/\/upcv.gob.gt\/inicio\/wp-json\/wp\/v2\/posts\/4810\/revisions"}],"predecessor-version":[{"id":4818,"href":"https:\/\/upcv.gob.gt\/inicio\/wp-json\/wp\/v2\/posts\/4810\/revisions\/4818"}],"wp:featuredmedia":[{"embeddable":true,"href":"https:\/\/upcv.gob.gt\/inicio\/wp-json\/wp\/v2\/media\/4811"}],"wp:attachment":[{"href":"https:\/\/upcv.gob.gt\/inicio\/wp-json\/wp\/v2\/media?parent=4810"}],"wp:term":[{"taxonomy":"category","embeddable":true,"href":"https:\/\/upcv.gob.gt\/inicio\/wp-json\/wp\/v2\/categories?post=4810"},{"taxonomy":"post_tag","embeddable":true,"href":"https:\/\/upcv.gob.gt\/inicio\/wp-json\/wp\/v2\/tags?post=4810"}],"curies":[{"name":"wp","href":"https:\/\/api.w.org\/{rel}","templated":true}]}}