{"id":4740,"date":"2025-06-09T21:11:06","date_gmt":"2025-06-09T21:11:06","guid":{"rendered":"https:\/\/upcv.gob.gt\/inicio\/?p=4740"},"modified":"2025-06-09T21:34:52","modified_gmt":"2025-06-09T21:34:52","slug":"upcv-y-autoridades-locales-promueven-foro-educativoen-huehuetenango-contra-el-acoso-escolar","status":"publish","type":"post","link":"https:\/\/upcv.gob.gt\/inicio\/2025\/06\/09\/upcv-y-autoridades-locales-promueven-foro-educativoen-huehuetenango-contra-el-acoso-escolar\/","title":{"rendered":"UPCV y autoridades locales promueven foro educativo en Huehuetenango contra el acoso escolar"},"content":{"rendered":"\n<p>Con el firme prop\u00f3sito de prevenir el acoso escolar y fortalecer una cultura de respeto y convivencia pac\u00edfica en las aulas, se llev\u00f3 a cabo el foro \u201cAlto al Acoso Escolar\u201d en las instalaciones del Instituto Nacional de Educaci\u00f3n B\u00e1sica Adscrito al Instituto Normal Mixto Alejandro C\u00f3rdova J.M., ubicado en el municipio de Huehuetenango.<\/p>\n\n\n\n<p><br>El evento reuni\u00f3 a estudiantes, docentes y autoridades educativas en un espacio de di\u00e1logo y reflexi\u00f3n sobre la importancia de erradicar la violencia en el entorno escolar. La jornada permiti\u00f3 fortalecer el compromiso comunitario en la promoci\u00f3n de entornos educativos seguros y libres de acoso.<\/p>\n\n\n\n<p><br>Entre los asistentes destacaron el Concejal I Jorge Juan de Le\u00f3n, en representaci\u00f3n de la Municipalidad de Huehuetenango; el Subdirector T\u00e9cnico Pedag\u00f3gico Biling\u00fce Mario Margarito L\u00f3pez, de la Direcci\u00f3n Departamental de Educaci\u00f3n; el Asesor Eduardo Villatoro, de Gobernaci\u00f3n Departamental de Huehuetenango; la Coordinadora Distrital Clara Armida Morales Castillo, del INEBAC J.M.; el Lcdo. H\u00e9ctor Hern\u00e1ndez, en representaci\u00f3n del Tercer Viceministerio de Prevenci\u00f3n de la Violencia y el Delito; y el Lcdo. Jos\u00e9 Ord\u00f3\u00f1ez, Jefe del Departamento de Organizaci\u00f3n para la Prevenci\u00f3n de la Violencia Juvenil de la Unidad para la Prevenci\u00f3n Comunitaria de la Violencia (UPCV).<\/p>\n\n\n\n<p><br>El Ministerio de Gobernaci\u00f3n, a trav\u00e9s de la UPCV, reafirma su compromiso con la protecci\u00f3n de la ni\u00f1ez y adolescencia, impulsando acciones preventivas que fortalezcan el tejido social y promuevan la sana convivencia en el sistema educativo.<\/p>\n\n\n<div class=\"wp-block-image\">\n<figure class=\"aligncenter size-large\"><img fetchpriority=\"high\" decoding=\"async\" width=\"1024\" height=\"539\" src=\"https:\/\/upcv.gob.gt\/inicio\/wp-content\/uploads\/2025\/06\/2-2-2-1024x539.jpeg\" alt=\"\" class=\"wp-image-4747\" srcset=\"https:\/\/upcv.gob.gt\/inicio\/wp-content\/uploads\/2025\/06\/2-2-2-1024x539.jpeg 1024w, https:\/\/upcv.gob.gt\/inicio\/wp-content\/uploads\/2025\/06\/2-2-2-300x158.jpeg 300w, https:\/\/upcv.gob.gt\/inicio\/wp-content\/uploads\/2025\/06\/2-2-2-768x404.jpeg 768w, https:\/\/upcv.gob.gt\/inicio\/wp-content\/uploads\/2025\/06\/2-2-2.jpeg 1159w\" sizes=\"(max-width: 1024px) 100vw, 1024px\" \/><\/figure>\n<\/div>\n\n<div class=\"wp-block-image\">\n<figure class=\"aligncenter size-large\"><img decoding=\"async\" width=\"1024\" height=\"460\" src=\"https:\/\/upcv.gob.gt\/inicio\/wp-content\/uploads\/2025\/06\/3-2-1-1024x460.jpeg\" alt=\"\" class=\"wp-image-4744\" srcset=\"https:\/\/upcv.gob.gt\/inicio\/wp-content\/uploads\/2025\/06\/3-2-1-1024x460.jpeg 1024w, https:\/\/upcv.gob.gt\/inicio\/wp-content\/uploads\/2025\/06\/3-2-1-300x135.jpeg 300w, https:\/\/upcv.gob.gt\/inicio\/wp-content\/uploads\/2025\/06\/3-2-1-768x345.jpeg 768w, https:\/\/upcv.gob.gt\/inicio\/wp-content\/uploads\/2025\/06\/3-2-1.jpeg 1480w\" sizes=\"(max-width: 1024px) 100vw, 1024px\" \/><\/figure>\n<\/div><div class=\"pvc_clear\"><\/div><p id=\"pvc_stats_4740\" class=\"pvc_stats all  \" data-element-id=\"4740\" style=\"\"><i class=\"pvc-stats-icon medium\" aria-hidden=\"true\"><svg aria-hidden=\"true\" focusable=\"false\" data-prefix=\"far\" data-icon=\"chart-bar\" role=\"img\" xmlns=\"http:\/\/www.w3.org\/2000\/svg\" viewBox=\"0 0 512 512\" class=\"svg-inline--fa fa-chart-bar fa-w-16 fa-2x\"><path fill=\"currentColor\" d=\"M396.8 352h22.4c6.4 0 12.8-6.4 12.8-12.8V108.8c0-6.4-6.4-12.8-12.8-12.8h-22.4c-6.4 0-12.8 6.4-12.8 12.8v230.4c0 6.4 6.4 12.8 12.8 12.8zm-192 0h22.4c6.4 0 12.8-6.4 12.8-12.8V140.8c0-6.4-6.4-12.8-12.8-12.8h-22.4c-6.4 0-12.8 6.4-12.8 12.8v198.4c0 6.4 6.4 12.8 12.8 12.8zm96 0h22.4c6.4 0 12.8-6.4 12.8-12.8V204.8c0-6.4-6.4-12.8-12.8-12.8h-22.4c-6.4 0-12.8 6.4-12.8 12.8v134.4c0 6.4 6.4 12.8 12.8 12.8zM496 400H48V80c0-8.84-7.16-16-16-16H16C7.16 64 0 71.16 0 80v336c0 17.67 14.33 32 32 32h464c8.84 0 16-7.16 16-16v-16c0-8.84-7.16-16-16-16zm-387.2-48h22.4c6.4 0 12.8-6.4 12.8-12.8v-70.4c0-6.4-6.4-12.8-12.8-12.8h-22.4c-6.4 0-12.8 6.4-12.8 12.8v70.4c0 6.4 6.4 12.8 12.8 12.8z\" class=\"\"><\/path><\/svg><\/i> <img decoding=\"async\" width=\"16\" height=\"16\" alt=\"Loading\" src=\"https:\/\/upcv.gob.gt\/inicio\/wp-content\/plugins\/page-views-count\/ajax-loader-2x.gif\" border=0 \/><\/p><div class=\"pvc_clear\"><\/div>","protected":false},"excerpt":{"rendered":"<p>Con el firme prop\u00f3sito de prevenir el acoso escolar y fortalecer una cultura de respeto y convivencia pac\u00edfica en las aulas, se llev\u00f3 a cabo el foro \u201cAlto al Acoso Escolar\u201d en las instalaciones del Instituto Nacional de Educaci\u00f3n B\u00e1sica Adscrito al Instituto Normal Mixto Alejandro C\u00f3rdova J.M., ubicado en el municipio de Huehuetenango. El [&hellip;]<\/p>\n<div class=\"pvc_clear\"><\/div>\n<p id=\"pvc_stats_4740\" class=\"pvc_stats all  \" data-element-id=\"4740\" style=\"\"><i class=\"pvc-stats-icon medium\" aria-hidden=\"true\"><svg aria-hidden=\"true\" focusable=\"false\" data-prefix=\"far\" data-icon=\"chart-bar\" role=\"img\" xmlns=\"http:\/\/www.w3.org\/2000\/svg\" viewBox=\"0 0 512 512\" class=\"svg-inline--fa fa-chart-bar fa-w-16 fa-2x\"><path fill=\"currentColor\" d=\"M396.8 352h22.4c6.4 0 12.8-6.4 12.8-12.8V108.8c0-6.4-6.4-12.8-12.8-12.8h-22.4c-6.4 0-12.8 6.4-12.8 12.8v230.4c0 6.4 6.4 12.8 12.8 12.8zm-192 0h22.4c6.4 0 12.8-6.4 12.8-12.8V140.8c0-6.4-6.4-12.8-12.8-12.8h-22.4c-6.4 0-12.8 6.4-12.8 12.8v198.4c0 6.4 6.4 12.8 12.8 12.8zm96 0h22.4c6.4 0 12.8-6.4 12.8-12.8V204.8c0-6.4-6.4-12.8-12.8-12.8h-22.4c-6.4 0-12.8 6.4-12.8 12.8v134.4c0 6.4 6.4 12.8 12.8 12.8zM496 400H48V80c0-8.84-7.16-16-16-16H16C7.16 64 0 71.16 0 80v336c0 17.67 14.33 32 32 32h464c8.84 0 16-7.16 16-16v-16c0-8.84-7.16-16-16-16zm-387.2-48h22.4c6.4 0 12.8-6.4 12.8-12.8v-70.4c0-6.4-6.4-12.8-12.8-12.8h-22.4c-6.4 0-12.8 6.4-12.8 12.8v70.4c0 6.4 6.4 12.8 12.8 12.8z\" class=\"\"><\/path><\/svg><\/i> <img decoding=\"async\" width=\"16\" height=\"16\" alt=\"Loading\" src=\"https:\/\/upcv.gob.gt\/inicio\/wp-content\/plugins\/page-views-count\/ajax-loader-2x.gif\" border=0 \/><\/p>\n<div class=\"pvc_clear\"><\/div>\n","protected":false},"author":2,"featured_media":4741,"comment_status":"closed","ping_status":"closed","sticky":false,"template":"","format":"standard","meta":{"footnotes":""},"categories":[4],"tags":[],"class_list":["post-4740","post","type-post","status-publish","format-standard","has-post-thumbnail","hentry","category-noticias"],"a3_pvc":{"activated":true,"total_views":66,"today_views":0},"_links":{"self":[{"href":"https:\/\/upcv.gob.gt\/inicio\/wp-json\/wp\/v2\/posts\/4740","targetHints":{"allow":["GET"]}}],"collection":[{"href":"https:\/\/upcv.gob.gt\/inicio\/wp-json\/wp\/v2\/posts"}],"about":[{"href":"https:\/\/upcv.gob.gt\/inicio\/wp-json\/wp\/v2\/types\/post"}],"author":[{"embeddable":true,"href":"https:\/\/upcv.gob.gt\/inicio\/wp-json\/wp\/v2\/users\/2"}],"replies":[{"embeddable":true,"href":"https:\/\/upcv.gob.gt\/inicio\/wp-json\/wp\/v2\/comments?post=4740"}],"version-history":[{"count":6,"href":"https:\/\/upcv.gob.gt\/inicio\/wp-json\/wp\/v2\/posts\/4740\/revisions"}],"predecessor-version":[{"id":4767,"href":"https:\/\/upcv.gob.gt\/inicio\/wp-json\/wp\/v2\/posts\/4740\/revisions\/4767"}],"wp:featuredmedia":[{"embeddable":true,"href":"https:\/\/upcv.gob.gt\/inicio\/wp-json\/wp\/v2\/media\/4741"}],"wp:attachment":[{"href":"https:\/\/upcv.gob.gt\/inicio\/wp-json\/wp\/v2\/media?parent=4740"}],"wp:term":[{"taxonomy":"category","embeddable":true,"href":"https:\/\/upcv.gob.gt\/inicio\/wp-json\/wp\/v2\/categories?post=4740"},{"taxonomy":"post_tag","embeddable":true,"href":"https:\/\/upcv.gob.gt\/inicio\/wp-json\/wp\/v2\/tags?post=4740"}],"curies":[{"name":"wp","href":"https:\/\/api.w.org\/{rel}","templated":true}]}}