{"id":4689,"date":"2025-06-02T20:33:13","date_gmt":"2025-06-02T20:33:13","guid":{"rendered":"https:\/\/upcv.gob.gt\/inicio\/?p=4689"},"modified":"2025-06-02T22:54:55","modified_gmt":"2025-06-02T22:54:55","slug":"chichicastenango-alza-la-voz-contra-el-acoso-escolar-en-un-foro-impulsado-por-la-upcv","status":"publish","type":"post","link":"https:\/\/upcv.gob.gt\/inicio\/2025\/06\/02\/chichicastenango-alza-la-voz-contra-el-acoso-escolar-en-un-foro-impulsado-por-la-upcv\/","title":{"rendered":"Chichicastenango alza la voz contra el acoso escolar en un foro impulsado por la UPCV"},"content":{"rendered":"\n<p>La Unidad para la Prevenci\u00f3n Comunitaria de la Violencia (UPCV) llev\u00f3 a cabo con \u00e9xito el Foro \u201cAlto al Acoso Escolar\u201d en Santo Tom\u00e1s, Chichicastenango, como parte de sus acciones estrat\u00e9gicas para contribuir a la prevenci\u00f3n de la violencia en el \u00e1mbito educativo.<\/p>\n\n\n\n<p><br>Esta iniciativa busca sensibilizar y empoderar a la comunidad educativa y al p\u00fablico en general sobre la importancia de prevenir todo tipo de acoso escolar en la poblaci\u00f3n estudiantil.<\/p>\n\n\n\n<p><br>La actividad cont\u00f3 con la valiosa participaci\u00f3n de autoridades locales, entre ellas: el representante de la Gobernaci\u00f3n Departamental de Quich\u00e9, Onofre Carrillo; el alcalde municipal de Chichicastenango, Jos\u00e9 Tiriquiz; la representante de la Direcci\u00f3n Departamental de Educaci\u00f3n, Ana Pacheco; y el Coordinador General de la UPCV, Nicol\u00e1s Reanda Ajchomajay.<\/p>\n\n\n\n<p><br>Durante el desarrollo del foro, se cont\u00f3 con la activa participaci\u00f3n de representantes de los gobiernos escolares de diversos centros educativos, entre ellos la Escuela Oficial Urbana Mixta (EOUM) Flavio Rodas Noriega, en sus jornadas matutina y vespertina, y el Instituto Nacional de Educaci\u00f3n B\u00e1sica con Orientaci\u00f3n Ocupacional e Industrial (PEM) Daniel Ad\u00e1n Grac\u00eda Barrios.<\/p>\n\n\n\n<p><\/p>\n\n\n\n<p>El Foro \u201cAlto al Acoso Escolar\u201d se consolid\u00f3 como un espacio de reflexi\u00f3n, di\u00e1logo y compromiso, donde ni\u00f1as, ni\u00f1os y adolescentes pudieron alzar la voz frente a una problem\u00e1tica que afecta su bienestar, seguridad y desarrollo.<\/p>\n\n\n\n<p><br>Asimismo, permiti\u00f3 visibilizar propuestas y compromisos de quienes, desde sus distintos roles, est\u00e1n promoviendo entornos educativos m\u00e1s seguros, inclusivos y respetuosos, con valent\u00eda y conciencia.<\/p>\n\n\n\n<p><\/p>\n\n\n<div class=\"wp-block-image\">\n<figure class=\"aligncenter size-large\"><img fetchpriority=\"high\" decoding=\"async\" width=\"1024\" height=\"461\" src=\"https:\/\/upcv.gob.gt\/inicio\/wp-content\/uploads\/2025\/06\/Foro-Chichi-3-1024x461.jpeg\" alt=\"\" class=\"wp-image-4691\" srcset=\"https:\/\/upcv.gob.gt\/inicio\/wp-content\/uploads\/2025\/06\/Foro-Chichi-3-1024x461.jpeg 1024w, https:\/\/upcv.gob.gt\/inicio\/wp-content\/uploads\/2025\/06\/Foro-Chichi-3-300x135.jpeg 300w, https:\/\/upcv.gob.gt\/inicio\/wp-content\/uploads\/2025\/06\/Foro-Chichi-3-768x346.jpeg 768w, https:\/\/upcv.gob.gt\/inicio\/wp-content\/uploads\/2025\/06\/Foro-Chichi-3-1536x692.jpeg 1536w, https:\/\/upcv.gob.gt\/inicio\/wp-content\/uploads\/2025\/06\/Foro-Chichi-3.jpeg 1600w\" sizes=\"(max-width: 1024px) 100vw, 1024px\" \/><\/figure>\n<\/div><div class=\"pvc_clear\"><\/div><p id=\"pvc_stats_4689\" class=\"pvc_stats all  \" data-element-id=\"4689\" style=\"\"><i class=\"pvc-stats-icon medium\" aria-hidden=\"true\"><svg aria-hidden=\"true\" focusable=\"false\" data-prefix=\"far\" data-icon=\"chart-bar\" role=\"img\" xmlns=\"http:\/\/www.w3.org\/2000\/svg\" viewBox=\"0 0 512 512\" class=\"svg-inline--fa fa-chart-bar fa-w-16 fa-2x\"><path fill=\"currentColor\" d=\"M396.8 352h22.4c6.4 0 12.8-6.4 12.8-12.8V108.8c0-6.4-6.4-12.8-12.8-12.8h-22.4c-6.4 0-12.8 6.4-12.8 12.8v230.4c0 6.4 6.4 12.8 12.8 12.8zm-192 0h22.4c6.4 0 12.8-6.4 12.8-12.8V140.8c0-6.4-6.4-12.8-12.8-12.8h-22.4c-6.4 0-12.8 6.4-12.8 12.8v198.4c0 6.4 6.4 12.8 12.8 12.8zm96 0h22.4c6.4 0 12.8-6.4 12.8-12.8V204.8c0-6.4-6.4-12.8-12.8-12.8h-22.4c-6.4 0-12.8 6.4-12.8 12.8v134.4c0 6.4 6.4 12.8 12.8 12.8zM496 400H48V80c0-8.84-7.16-16-16-16H16C7.16 64 0 71.16 0 80v336c0 17.67 14.33 32 32 32h464c8.84 0 16-7.16 16-16v-16c0-8.84-7.16-16-16-16zm-387.2-48h22.4c6.4 0 12.8-6.4 12.8-12.8v-70.4c0-6.4-6.4-12.8-12.8-12.8h-22.4c-6.4 0-12.8 6.4-12.8 12.8v70.4c0 6.4 6.4 12.8 12.8 12.8z\" class=\"\"><\/path><\/svg><\/i> <img decoding=\"async\" width=\"16\" height=\"16\" alt=\"Loading\" src=\"https:\/\/upcv.gob.gt\/inicio\/wp-content\/plugins\/page-views-count\/ajax-loader-2x.gif\" border=0 \/><\/p><div class=\"pvc_clear\"><\/div>","protected":false},"excerpt":{"rendered":"<p>La Unidad para la Prevenci\u00f3n Comunitaria de la Violencia (UPCV) llev\u00f3 a cabo con \u00e9xito el Foro \u201cAlto al Acoso Escolar\u201d en Santo Tom\u00e1s, Chichicastenango, como parte de sus acciones estrat\u00e9gicas para contribuir a la prevenci\u00f3n de la violencia en el \u00e1mbito educativo. Esta iniciativa busca sensibilizar y empoderar a la comunidad educativa y al [&hellip;]<\/p>\n<div class=\"pvc_clear\"><\/div>\n<p id=\"pvc_stats_4689\" class=\"pvc_stats all  \" data-element-id=\"4689\" style=\"\"><i class=\"pvc-stats-icon medium\" aria-hidden=\"true\"><svg aria-hidden=\"true\" focusable=\"false\" data-prefix=\"far\" data-icon=\"chart-bar\" role=\"img\" xmlns=\"http:\/\/www.w3.org\/2000\/svg\" viewBox=\"0 0 512 512\" class=\"svg-inline--fa fa-chart-bar fa-w-16 fa-2x\"><path fill=\"currentColor\" d=\"M396.8 352h22.4c6.4 0 12.8-6.4 12.8-12.8V108.8c0-6.4-6.4-12.8-12.8-12.8h-22.4c-6.4 0-12.8 6.4-12.8 12.8v230.4c0 6.4 6.4 12.8 12.8 12.8zm-192 0h22.4c6.4 0 12.8-6.4 12.8-12.8V140.8c0-6.4-6.4-12.8-12.8-12.8h-22.4c-6.4 0-12.8 6.4-12.8 12.8v198.4c0 6.4 6.4 12.8 12.8 12.8zm96 0h22.4c6.4 0 12.8-6.4 12.8-12.8V204.8c0-6.4-6.4-12.8-12.8-12.8h-22.4c-6.4 0-12.8 6.4-12.8 12.8v134.4c0 6.4 6.4 12.8 12.8 12.8zM496 400H48V80c0-8.84-7.16-16-16-16H16C7.16 64 0 71.16 0 80v336c0 17.67 14.33 32 32 32h464c8.84 0 16-7.16 16-16v-16c0-8.84-7.16-16-16-16zm-387.2-48h22.4c6.4 0 12.8-6.4 12.8-12.8v-70.4c0-6.4-6.4-12.8-12.8-12.8h-22.4c-6.4 0-12.8 6.4-12.8 12.8v70.4c0 6.4 6.4 12.8 12.8 12.8z\" class=\"\"><\/path><\/svg><\/i> <img decoding=\"async\" width=\"16\" height=\"16\" alt=\"Loading\" src=\"https:\/\/upcv.gob.gt\/inicio\/wp-content\/plugins\/page-views-count\/ajax-loader-2x.gif\" border=0 \/><\/p>\n<div class=\"pvc_clear\"><\/div>\n","protected":false},"author":2,"featured_media":4690,"comment_status":"closed","ping_status":"closed","sticky":false,"template":"","format":"standard","meta":{"footnotes":""},"categories":[4],"tags":[],"class_list":["post-4689","post","type-post","status-publish","format-standard","has-post-thumbnail","hentry","category-noticias"],"a3_pvc":{"activated":true,"total_views":57,"today_views":0},"_links":{"self":[{"href":"https:\/\/upcv.gob.gt\/inicio\/wp-json\/wp\/v2\/posts\/4689","targetHints":{"allow":["GET"]}}],"collection":[{"href":"https:\/\/upcv.gob.gt\/inicio\/wp-json\/wp\/v2\/posts"}],"about":[{"href":"https:\/\/upcv.gob.gt\/inicio\/wp-json\/wp\/v2\/types\/post"}],"author":[{"embeddable":true,"href":"https:\/\/upcv.gob.gt\/inicio\/wp-json\/wp\/v2\/users\/2"}],"replies":[{"embeddable":true,"href":"https:\/\/upcv.gob.gt\/inicio\/wp-json\/wp\/v2\/comments?post=4689"}],"version-history":[{"count":2,"href":"https:\/\/upcv.gob.gt\/inicio\/wp-json\/wp\/v2\/posts\/4689\/revisions"}],"predecessor-version":[{"id":4693,"href":"https:\/\/upcv.gob.gt\/inicio\/wp-json\/wp\/v2\/posts\/4689\/revisions\/4693"}],"wp:featuredmedia":[{"embeddable":true,"href":"https:\/\/upcv.gob.gt\/inicio\/wp-json\/wp\/v2\/media\/4690"}],"wp:attachment":[{"href":"https:\/\/upcv.gob.gt\/inicio\/wp-json\/wp\/v2\/media?parent=4689"}],"wp:term":[{"taxonomy":"category","embeddable":true,"href":"https:\/\/upcv.gob.gt\/inicio\/wp-json\/wp\/v2\/categories?post=4689"},{"taxonomy":"post_tag","embeddable":true,"href":"https:\/\/upcv.gob.gt\/inicio\/wp-json\/wp\/v2\/tags?post=4689"}],"curies":[{"name":"wp","href":"https:\/\/api.w.org\/{rel}","templated":true}]}}